{"id":14148,"date":"2023-01-06T10:06:28","date_gmt":"2023-01-06T13:06:28","guid":{"rendered":"http:\/\/dgospel.com.br\/portal\/?p=14148"},"modified":"2023-01-06T10:06:29","modified_gmt":"2023-01-06T13:06:29","slug":"apoiadores-de-lula-gritam-que-vao-derrotar-o-brasil","status":"publish","type":"post","link":"https:\/\/dgospel.com.br\/portal\/index.php\/2023\/01\/06\/apoiadores-de-lula-gritam-que-vao-derrotar-o-brasil\/","title":{"rendered":"Apoiadores de Lula gritam que v\u00e3o derrotar o Brasil"},"content":{"rendered":"\n<p>Imagens registradas em Bras\u00edlia, no domingo, dia 1\u00ba de janeiro, mostram um grupo de apoiadores do presidente Luiz In\u00e1cio Lula da Silva (PT) chegando para participar da posse segurando uma faixa e entoando um coro pr\u00f3-socialismo.<\/p>\n\n\n\n<p>\u2013 Eu nunca paro de lutar pelo poder popular\/ Derrotaremos o Brasil para construir o socialismo \u2013 diz um trecho do canto.<\/p>\n\n\n\n<p>A maioria do grupo estava vestida de vermelho e a faixa tamb\u00e9m falava sobre o regime socialista.<\/p>\n\n\n\n<p>Nas redes sociais, muitas pessoas perguntaram se dizer que ir\u00e1 \u201cderrotar\u201d o pa\u00eds para construir o socialismo seria uma fala golpista e se o ministro Alexandre de Moraes, do Supremo Tribunal Federal (STF), enquadrar\u00e1 o grupo no mesmo inqu\u00e9rito de atos antidemocr\u00e1ticos que os apoiadores de Jair Bolsonaro foram enquadrados.<\/p>\n\n\n\n<p>\u2013 Al\u00f4, Xand\u00e3o, esse grupo aqui com falas antidemocr\u00e1ticas, estamos esperando as pris\u00f5es \u2013 escreveu o vereador Ygor Cortez, da cidade de Aragua\u00edna (TO).<\/p>\n\n\n\n<p>A jornalista Liliane Ventura tamb\u00e9m criticou a fala dos apoiadores de Lula e ironizou as For\u00e7as Armadas.<\/p>\n\n\n\n<p>\u2013 Ol\u00e1 \u201chomenzinhos fantasiados de protetores da P\u00e1tria\u201d, vejam o que acontece quando a a\u00e7\u00e3o d\u00e1 lugar \u00e0 omiss\u00e3o! Voc\u00eas ter\u00e3o chance de desfilar no carnaval com o enredo: ladr\u00e3o merece contin\u00eancia! \u2013 disse ela.<\/p>\n\n\n\n<p><a href=\"https:\/\/www.instagram.com\/reel\/Cm6yVo8JXIq\/?utm_source=ig_embed&amp;ig_rid=7b831b84-e490-421d-9fa3-26f7e03dfaa5\">https:\/\/www.instagram.com\/reel\/Cm6yVo8JXIq\/?utm_source=ig_embed&amp;ig_rid=7b831b84-e490-421d-9fa3-26f7e03dfaa5<\/a><\/p>\n","protected":false},"excerpt":{"rendered":"<p>Imagens registradas em Bras\u00edlia, no domingo, dia 1\u00ba de janeiro, mostram um grupo de apoiadores do presidente Luiz In\u00e1cio Lula da Silva (PT) chegando para participar da posse segurando uma faixa e entoando um coro pr\u00f3-socialismo. \u2013 Eu nunca paro de lutar pelo poder popular\/ Derrotaremos o Brasil para construir o socialismo \u2013 diz um [&hellip;]<\/p>\n","protected":false},"author":2,"featured_media":14149,"comment_status":"open","ping_status":"open","sticky":false,"template":"","format":"standard","meta":[],"categories":[10],"tags":[],"_links":{"self":[{"href":"https:\/\/dgospel.com.br\/portal\/index.php\/wp-json\/wp\/v2\/posts\/14148"}],"collection":[{"href":"https:\/\/dgospel.com.br\/portal\/index.php\/wp-json\/wp\/v2\/posts"}],"about":[{"href":"https:\/\/dgospel.com.br\/portal\/index.php\/wp-json\/wp\/v2\/types\/post"}],"author":[{"embeddable":true,"href":"https:\/\/dgospel.com.br\/portal\/index.php\/wp-json\/wp\/v2\/users\/2"}],"replies":[{"embeddable":true,"href":"https:\/\/dgospel.com.br\/portal\/index.php\/wp-json\/wp\/v2\/comments?post=14148"}],"version-history":[{"count":1,"href":"https:\/\/dgospel.com.br\/portal\/index.php\/wp-json\/wp\/v2\/posts\/14148\/revisions"}],"predecessor-version":[{"id":14150,"href":"https:\/\/dgospel.com.br\/portal\/index.php\/wp-json\/wp\/v2\/posts\/14148\/revisions\/14150"}],"wp:featuredmedia":[{"embeddable":true,"href":"https:\/\/dgospel.com.br\/portal\/index.php\/wp-json\/wp\/v2\/media\/14149"}],"wp:attachment":[{"href":"https:\/\/dgospel.com.br\/portal\/index.php\/wp-json\/wp\/v2\/media?parent=14148"}],"wp:term":[{"taxonomy":"category","embeddable":true,"href":"https:\/\/dgospel.com.br\/portal\/index.php\/wp-json\/wp\/v2\/categories?post=14148"},{"taxonomy":"post_tag","embeddable":true,"href":"https:\/\/dgospel.com.br\/portal\/index.php\/wp-json\/wp\/v2\/tags?post=14148"}],"curies":[{"name":"wp","href":"https:\/\/api.w.org\/{rel}","templated":true}]}}