{"id":14151,"date":"2023-01-06T10:31:00","date_gmt":"2023-01-06T13:31:00","guid":{"rendered":"http:\/\/dgospel.com.br\/portal\/?p=14151"},"modified":"2023-01-06T10:31:02","modified_gmt":"2023-01-06T13:31:02","slug":"primeira-semana-do-governo-lula-teve-contradicoes-entre-ministros-relembre","status":"publish","type":"post","link":"https:\/\/dgospel.com.br\/portal\/index.php\/2023\/01\/06\/primeira-semana-do-governo-lula-teve-contradicoes-entre-ministros-relembre\/","title":{"rendered":"Primeira semana do governo Lula teve contradi\u00e7\u00f5es entre ministros; relembre"},"content":{"rendered":"\n<p>A&nbsp;<a href=\"https:\/\/noticias.r7.com\/brasilia\/discursos-de-lula-na-posse-foram-marcados-por-exageros-e-maquiagem-de-dados-02012023\" target=\"_blank\" rel=\"noreferrer noopener\">primeira semana do terceiro mandato do presidente Luiz In\u00e1cio Lula da Silva (PT)<\/a>&nbsp;testemunhou an\u00fancios desacertados, revis\u00e3o de declara\u00e7\u00f5es e contradi\u00e7\u00f5es entre integrantes do primeiro escal\u00e3o, al\u00e9m de ministros envolvidos com milicianos do Rio de Janeiro, condenados por improbidade administrativa e&nbsp;<a href=\"https:\/\/noticias.r7.com\/brasilia\/ao-menos-seis-ministros-de-lula-usaram-o-orcamento-secreto-saiba-quem-e-os-valores-05012023\" target=\"_blank\" rel=\"noreferrer noopener\">benefici\u00e1rios do or\u00e7amento secreto<\/a>&nbsp;\u2014 duramente criticado por Lula e aliados durante a campanha eleitoral de 2022.<\/p>\n\n\n\n<p>Para eliminar os ru\u00eddos e alinhar as expectativas e a\u00e7\u00f5es, o presidente convocou, para esta sexta-feira (6), a\u00a0<a href=\"https:\/\/noticias.r7.com\/brasilia\/na-1-reuniao-ministerial-lula-vai-reforcar-que-anuncios-precisam-de-aval-do-planalto-04012023\">primeira reuni\u00e3o ministerial<\/a>\u00a0para dar o recado de que os an\u00fancios, independentemente da \u00e1rea, devem ter o aval do Pal\u00e1cio do Planalto, especialmente quando houver mudan\u00e7a de algum tipo de pol\u00edtica governamental.\u00a0<\/p>\n\n\n\n<h3>Pol\u00eamicas e an\u00fancios<\/h3>\n\n\n\n<p>Antes mesmo da posse do petista, o novo governo acumulava intemp\u00e9ries. Em 21 de dezembro, Fl\u00e1vio Dino, ministro da Justi\u00e7a, anunciou o delegado Edmar Camata para a chefia da Pol\u00edcia Rodovi\u00e1ria Federal (PRF). No mesmo dia, no entanto, Dino&nbsp;<a href=\"https:\/\/noticias.r7.com\/brasilia\/flavio-dino-troca-indicacao-de-edmar-camata-apos-polemica-por-apoio-a-lava-jato-2112202\">voltou atr\u00e1s da indica\u00e7\u00e3o<\/a>, ap\u00f3s a m\u00e1 repercuss\u00e3o entre aliados por causa de apoios declarados do delegado \u00e0 opera\u00e7\u00e3o Lava Jato.&nbsp;<\/p>\n\n\n\n<p>Na \u00faltima segunda (2), quando tomou posse, Dino fez um an\u00fancio que envolve uma decis\u00e3o em n\u00edvel de Executivo. Ele afirmou que vai&nbsp;<a href=\"https:\/\/noticias.r7.com\/brasilia\/dino-toma-posse-como-ministro-da-justica-e-seguranca-publica-02012023\">federalizar o caso da ex-vereadora Marielle Franco<\/a>, assassinada no Rio de Janeiro em 2018. &#8220;Disse \u00e0 ministra Anielle [Franco, irm\u00e3 de Marielle] e sua m\u00e3e que \u00e9 uma quest\u00e3o de honra o Estado brasileiro empreender todos os esfor\u00e7os poss\u00edveis e cab\u00edveis, e a Pol\u00edcia Federal assim atuar\u00e1 para que esse crime seja desvendado definitivamente, e n\u00f3s saibamos quem matou Marielle e quem mandou matar Marielle&#8221;, afirmou na ocasi\u00e3o.&nbsp;<\/p>\n\n\n\n<p>Na quarta-feira (4), houve a veicula\u00e7\u00e3o de uma poss\u00edvel suspens\u00e3o de um benef\u00edcio criado pelo ex-presidente Jair Bolsonaro (PL). Trata-se da modalidade do\u00a0<a href=\"https:\/\/noticias.r7.com\/brasilia\/saque-aniversario-do-fgts-deve-acabar-no-governo-lula-diz-marinho-04012023\">saque-anivers\u00e1rio do Fundo de Garantia do Tempo de Servi\u00e7o (FGTS)<\/a>. O ministro do Trabalho, Luiz Marinho (PT), disse que vai propor a Lula o fim da medida que, na avalia\u00e7\u00e3o de Marinho, reduz a reserva de dinheiro que poderia ser acessada em caso de demiss\u00e3o. A situa\u00e7\u00e3o, no entanto, repercutiu mal entre o grupo petista por n\u00e3o ter sido negociada anteriormente.\u00a0<\/p>\n\n\n\n<p>Rui Costa, ministro-chefe da Casa Civil de Lula, sugeriu que&nbsp;<a href=\"https:\/\/noticias.r7.com\/brasilia\/ministro-pretende-converter-multas-de-empresas-da-lava-jato-em-obras-especialistas-questionam-04012023\">d\u00edvidas de empresas condenadas pela Lava Jato sejam pagas por meio de investimentos em obras p\u00fablicas<\/a>. Para repactuar os acordos de leni\u00eancia, o governo conversa sobre o assunto com o Tribunal de Contas da Uni\u00e3o (TCU), a Controladoria-Geral da Uni\u00e3o (CGU) e a Advocacia-Geral da Uni\u00e3o (AGU).&nbsp;<\/p>\n\n\n\n<p>No entanto, especialistas ouvidos pelo&nbsp;<strong>R7&nbsp;<\/strong>alertam para a regulamenta\u00e7\u00e3o e fiscaliza\u00e7\u00e3o da medida, porque a a\u00e7\u00e3o requer controle rigoroso para impedir novos atos de corrup\u00e7\u00e3o por agentes p\u00fablicos e privados.<\/p>\n\n\n\n<p>Na esteira de an\u00fancios controversos, Rui Costa afirmou que&nbsp;<a href=\"http:\/\/noticias.r7.com\/brasilia\/chefe-da-casa-civil-diz-que-nao-ha-desconforto-sobre-ministra-ligada-a-miliciano-do-rj-04012023\" target=\"_blank\" rel=\"noreferrer noopener\">n\u00e3o causa desconforto<\/a>&nbsp;a&nbsp;<a href=\"https:\/\/noticias.r7.com\/brasilia\/ministra-do-turismo-de-lula-tem-ligacao-com-condenado-por-chefiar-milicia-no-rj-03012023\">proximidade da ministra do Turismo, Daniela Carneiro, com ex-PM apontado como chefe de mil\u00edcia<\/a>&nbsp;no Rio de Janeiro, condenado por homic\u00eddio e associa\u00e7\u00e3o criminosa. Mas a den\u00fancia foi recebida com preocupa\u00e7\u00e3o entre os aliados do presidente Lula pelo desgaste na imagem do minist\u00e9rio escolhido.<\/p>\n\n\n\n<p>Al\u00e9m da titular do Turismo, outra ministra de Lula \u00e9 alvo de cr\u00edticas. Chefe do Minist\u00e9rio da Ci\u00eancia, Tecnologia e Inova\u00e7\u00f5es,\u00a0<a href=\"https:\/\/noticias.r7.com\/brasilia\/governo-de-transicao-de-lula-tem-ao-menos-67-pessoas-investigadas-29112022\">Luciana Santos foi condenada, em 2019, pelo Tribunal de Justi\u00e7a de Pernambuco, por improbidade administrativa<\/a>\u00a0pela contrata\u00e7\u00e3o para gerenciar a ilumina\u00e7\u00e3o p\u00fablica da cidade. Na \u00e9poca, a defesa dela disse que n\u00e3o houve preju\u00edzo ao patrim\u00f4nio p\u00fablico municipal e que a senten\u00e7a da Justi\u00e7a reconheceu que Luciana n\u00e3o recebeu nem desviou dinheiro p\u00fablico.\u00a0<\/p>\n\n\n\n<h3>Diverg\u00eancias<\/h3>\n\n\n\n<p>Na quarta-feira, o ministro da Previd\u00eancia Social, Carlos Lupi, foi&nbsp;<a href=\"https:\/\/noticias.r7.com\/brasilia\/ministro-da-casa-civil-contraria-lupi-e-nega-revisao-da-reforma-da-previdencia-04012023\">contrariado publicamente por Rui Costa<\/a>. Lupi, durante a cerim\u00f4nia de posse no cargo, afirmou que a reforma da Previd\u00eancia, aprovada em 2019, seria revista em conjunto com sindicatos. Ap\u00f3s repercuss\u00e3o negativa do mercado, Costa negou a informa\u00e7\u00e3o e afirmou que n\u00e3o h\u00e1 nenhuma proposta do tipo em an\u00e1lise, no momento.<\/p>\n\n\n\n<p>A rea\u00e7\u00e3o dos eleitores de Bolsonaro contra a vit\u00f3ria de Lula nas urnas, que resultou em manifesta\u00e7\u00f5es em frente a quart\u00e9is do Ex\u00e9rcito por todo o pa\u00eds, foi chamada de \u201cleg\u00edtima\u201d pelo ministro da Defesa, Jos\u00e9 M\u00facio Monteiro, na \u00faltima segunda (2). A fala, que classificou, ainda, os atos como democr\u00e1ticos,&nbsp;<a href=\"https:\/\/noticias.r7.com\/brasilia\/fala-do-novo-ministro-da-defesa-gera-incomodo-entre-aliados-de-lula-03012023\">gerou mal-estar entre os aliados do petist<\/a><a href=\"http:\/\/noticias.r7.com\/brasilia\/fala-do-novo-ministro-da-defesa-gera-incomodo-entre-aliados-de-lula-03012023\" target=\"_blank\" rel=\"noreferrer noopener\">a<\/a>.&nbsp;<\/p>\n\n\n\n<p>As diverg\u00eancias do novo governo\u00a0<a href=\"https:\/\/noticias.r7.com\/economia\/bolsa-recua-3-com-acoes-de-lula-petrobras-desaba-mais-de-6-02012023\">geraram recuo na Bolsa<\/a>\u00a0e queda nas a\u00e7\u00f5es da Petrobras no in\u00edcio da semana. Na quarta-feira (4), houve\u00a0<a href=\"https:\/\/noticias.r7.com\/economia\/dolar-se-estabiliza-apos-disparada-recente-e-ibovespa-fecha-em-alta-04012023\">sinaliza\u00e7\u00e3o positiva no mercado<\/a>, com varia\u00e7\u00e3o negativa do d\u00f3lar frente ao real, e subida do Ibovespa.<\/p>\n\n\n\n<h3>Or\u00e7amento secreto<\/h3>\n\n\n\n<p>Apesar das cr\u00edticas ao or\u00e7amento secreto, pela falta de transpar\u00eancia e regras claras, Lula nomeou ministros que se beneficiaram de verbas do dispositivo em 2022.&nbsp;<a href=\"https:\/\/noticias.r7.com\/brasilia\/ao-menos-seis-ministros-de-lula-usaram-o-orcamento-secreto-saiba-quem-e-os-valores-05012023\">Ao menos seis indicados utilizaram R$ 221 milh\u00f5es das RP9<\/a>, como s\u00e3o chamadas as emendas de relator.<\/p>\n\n\n\n<p>S\u00e3o eles: Daniela do Waguinho (Uni\u00e3o Brasil-RJ), Turismo; Juscelino Filho (Uni\u00e3o Brasil-MA), Comunica\u00e7\u00f5es; Andr\u00e9 de Paula (PSD-PE), Pesca e Aquicultura; Alexandre Silveira (PSD-MG), Minas e Energia; Carlos F\u00e1varo (PSD-MT), Agricultura e Pecu\u00e1ria; e Waldez G\u00f3es (PDT-AP, em migra\u00e7\u00e3o para o Uni\u00e3o Brasil), Integra\u00e7\u00e3o e Desenvolvimento Regional.&nbsp;<\/p>\n\n\n\n<p>Em 19 de dezembro do ano passado, o&nbsp;<a href=\"https:\/\/noticias.r7.com\/brasilia\/por-6-votos-a-5-stf-suspende-o-orcamento-secreto-19122022\">Supremo Tribunal Federal (STF) declarou o or\u00e7amento secreto inconstitucional<\/a>.&nbsp;<\/p>\n","protected":false},"excerpt":{"rendered":"<p>A&nbsp;primeira semana do terceiro mandato do presidente Luiz In\u00e1cio Lula da Silva (PT)&nbsp;testemunhou an\u00fancios desacertados, revis\u00e3o de declara\u00e7\u00f5es e contradi\u00e7\u00f5es entre integrantes do primeiro escal\u00e3o, al\u00e9m de ministros envolvidos com milicianos do Rio de Janeiro, condenados por improbidade administrativa e&nbsp;benefici\u00e1rios do or\u00e7amento secreto&nbsp;\u2014 duramente criticado por Lula e aliados durante a campanha eleitoral de 2022. [&hellip;]<\/p>\n","protected":false},"author":2,"featured_media":14152,"comment_status":"open","ping_status":"open","sticky":false,"template":"","format":"standard","meta":[],"categories":[4],"tags":[13],"_links":{"self":[{"href":"https:\/\/dgospel.com.br\/portal\/index.php\/wp-json\/wp\/v2\/posts\/14151"}],"collection":[{"href":"https:\/\/dgospel.com.br\/portal\/index.php\/wp-json\/wp\/v2\/posts"}],"about":[{"href":"https:\/\/dgospel.com.br\/portal\/index.php\/wp-json\/wp\/v2\/types\/post"}],"author":[{"embeddable":true,"href":"https:\/\/dgospel.com.br\/portal\/index.php\/wp-json\/wp\/v2\/users\/2"}],"replies":[{"embeddable":true,"href":"https:\/\/dgospel.com.br\/portal\/index.php\/wp-json\/wp\/v2\/comments?post=14151"}],"version-history":[{"count":1,"href":"https:\/\/dgospel.com.br\/portal\/index.php\/wp-json\/wp\/v2\/posts\/14151\/revisions"}],"predecessor-version":[{"id":14153,"href":"https:\/\/dgospel.com.br\/portal\/index.php\/wp-json\/wp\/v2\/posts\/14151\/revisions\/14153"}],"wp:featuredmedia":[{"embeddable":true,"href":"https:\/\/dgospel.com.br\/portal\/index.php\/wp-json\/wp\/v2\/media\/14152"}],"wp:attachment":[{"href":"https:\/\/dgospel.com.br\/portal\/index.php\/wp-json\/wp\/v2\/media?parent=14151"}],"wp:term":[{"taxonomy":"category","embeddable":true,"href":"https:\/\/dgospel.com.br\/portal\/index.php\/wp-json\/wp\/v2\/categories?post=14151"},{"taxonomy":"post_tag","embeddable":true,"href":"https:\/\/dgospel.com.br\/portal\/index.php\/wp-json\/wp\/v2\/tags?post=14151"}],"curies":[{"name":"wp","href":"https:\/\/api.w.org\/{rel}","templated":true}]}}