{"id":14154,"date":"2023-01-06T10:42:52","date_gmt":"2023-01-06T13:42:52","guid":{"rendered":"http:\/\/dgospel.com.br\/portal\/?p=14154"},"modified":"2023-01-06T10:42:54","modified_gmt":"2023-01-06T13:42:54","slug":"posse-de-ministro-condenado-e-criticada-por-ong-anticorrupcao","status":"publish","type":"post","link":"https:\/\/dgospel.com.br\/portal\/index.php\/2023\/01\/06\/posse-de-ministro-condenado-e-criticada-por-ong-anticorrupcao\/","title":{"rendered":"Posse de ministro condenado \u00e9 criticada por ONG anticorrup\u00e7\u00e3o"},"content":{"rendered":"\n<p>A ONG Transpar\u00eancia Internacional \u2013 entidade sem fins lucrativos cujo prop\u00f3sito \u00e9 atuar no combate \u00e0 corrup\u00e7\u00e3o \u2013 fez cr\u00edticas, nesta quinta-feira (5), \u00e0 posse do novo ministro da Integra\u00e7\u00e3o e Desenvolvimento Regional, Waldez G\u00f3es (<a href=\"http:\/\/pleno.news\/tag\/pdt\" target=\"_blank\" rel=\"noreferrer noopener\">PDT<\/a>). O chefe da pasta federal foi condenado em 2019, pelo Superior Tribunal de Justi\u00e7a (<a href=\"http:\/\/pleno.news\/tag\/stj\" target=\"_blank\" rel=\"noreferrer noopener\">STJ<\/a>), pela pr\u00e1tica do crime de peculato.<\/p>\n\n\n\n<p>A condena\u00e7\u00e3o de G\u00f3es foi suspensa em 2020 pelo Supremo Tribunal Federal (STF) ap\u00f3s a Corte acolher um pedido de habeas corpus apresentado pela defesa do pol\u00edtico. O julgamento da a\u00e7\u00e3o em Plen\u00e1rio est\u00e1 parado desde 2021, quando o ministro Alexandre de Moraes pediu vista.<\/p>\n\n\n\n<p>Em seu perfil no Twitter, a Transpar\u00eancia Internacional destacou que, \u201capesar da gravidade do caso\u201d, G\u00f3es ainda assim foi empossado ministro do governo Lula. A entidade ressaltou que a nomea\u00e7\u00e3o do pedetista \u201cacende todos os alertas\u201d. A ONG ainda lembrou que Waldez G\u00f3es assumiu a pasta \u201cpela cota do Centr\u00e3o, que consegue achacar qualquer governo, \u00e0 direita ou \u00e0 esquerda\u201d.<\/p>\n\n\n\n<p>\u2013 A sociedade e as institui\u00e7\u00f5es devem impedir que um minist\u00e9rio fundamental para o desenvolvimento de regi\u00f5es desassistidas do pa\u00eds continue usado como m\u00e1quina de corrup\u00e7\u00e3o e feudaliza\u00e7\u00e3o eleitoreira. O Centr\u00e3o pode achacar governos, mas n\u00e3o pode achacar a sociedade brasileira \u2013 finalizou.<\/p>\n\n\n\n<p>Em nota, a defesa de G\u00f3es disse que o relator e o revisor do caso no STJ \u201creconhecem que os valores foram utilizados para pagar servidores e que n\u00e3o houve desvio em favor de terceiros e nem de Waldez G\u00f3es, na \u00e9poca governador\u201d.<\/p>\n","protected":false},"excerpt":{"rendered":"<p>A ONG Transpar\u00eancia Internacional \u2013 entidade sem fins lucrativos cujo prop\u00f3sito \u00e9 atuar no combate \u00e0 corrup\u00e7\u00e3o \u2013 fez cr\u00edticas, nesta quinta-feira (5), \u00e0 posse do novo ministro da Integra\u00e7\u00e3o e Desenvolvimento Regional, Waldez G\u00f3es (PDT). O chefe da pasta federal foi condenado em 2019, pelo Superior Tribunal de Justi\u00e7a (STJ), pela pr\u00e1tica do crime [&hellip;]<\/p>\n","protected":false},"author":2,"featured_media":14155,"comment_status":"open","ping_status":"open","sticky":false,"template":"","format":"standard","meta":[],"categories":[4],"tags":[13],"_links":{"self":[{"href":"https:\/\/dgospel.com.br\/portal\/index.php\/wp-json\/wp\/v2\/posts\/14154"}],"collection":[{"href":"https:\/\/dgospel.com.br\/portal\/index.php\/wp-json\/wp\/v2\/posts"}],"about":[{"href":"https:\/\/dgospel.com.br\/portal\/index.php\/wp-json\/wp\/v2\/types\/post"}],"author":[{"embeddable":true,"href":"https:\/\/dgospel.com.br\/portal\/index.php\/wp-json\/wp\/v2\/users\/2"}],"replies":[{"embeddable":true,"href":"https:\/\/dgospel.com.br\/portal\/index.php\/wp-json\/wp\/v2\/comments?post=14154"}],"version-history":[{"count":1,"href":"https:\/\/dgospel.com.br\/portal\/index.php\/wp-json\/wp\/v2\/posts\/14154\/revisions"}],"predecessor-version":[{"id":14156,"href":"https:\/\/dgospel.com.br\/portal\/index.php\/wp-json\/wp\/v2\/posts\/14154\/revisions\/14156"}],"wp:featuredmedia":[{"embeddable":true,"href":"https:\/\/dgospel.com.br\/portal\/index.php\/wp-json\/wp\/v2\/media\/14155"}],"wp:attachment":[{"href":"https:\/\/dgospel.com.br\/portal\/index.php\/wp-json\/wp\/v2\/media?parent=14154"}],"wp:term":[{"taxonomy":"category","embeddable":true,"href":"https:\/\/dgospel.com.br\/portal\/index.php\/wp-json\/wp\/v2\/categories?post=14154"},{"taxonomy":"post_tag","embeddable":true,"href":"https:\/\/dgospel.com.br\/portal\/index.php\/wp-json\/wp\/v2\/tags?post=14154"}],"curies":[{"name":"wp","href":"https:\/\/api.w.org\/{rel}","templated":true}]}}