{"id":14157,"date":"2023-01-06T10:49:43","date_gmt":"2023-01-06T13:49:43","guid":{"rendered":"http:\/\/dgospel.com.br\/portal\/?p=14157"},"modified":"2023-01-06T10:49:44","modified_gmt":"2023-01-06T13:49:44","slug":"patriotas-organizam-primeiro-grande-ato-contra-o-governo-de-lula","status":"publish","type":"post","link":"https:\/\/dgospel.com.br\/portal\/index.php\/2023\/01\/06\/patriotas-organizam-primeiro-grande-ato-contra-o-governo-de-lula\/","title":{"rendered":"Patriotas organizam primeiro grande ato contra o governo de Lula"},"content":{"rendered":"\n<p>Patriotas de diversas partes do Brasil se organizam para o primeiro grande ato contra o governo de Luiz In\u00e1cio Lula da Silva (PT).<\/p>\n\n\n\n<p>As caravanas come\u00e7am a chegar \u00e0 capital federal nesta sexta-feira (6). Na pr\u00f3xima segunda-feira (9), os participantes devem estar reunidos na Pra\u00e7a dos Tr\u00eas Poderes para a manifesta\u00e7\u00e3o.<\/p>\n\n\n\n<p>Muitos dos que estavam na porta do quartel-general do Ex\u00e9rcito devem retornar para Bras\u00edlia, juntamente com apoiadores que n\u00e3o participaram do movimento que durou 61 dias.<\/p>\n\n\n\n<p>Nos grupos de WhatsApp e Telegram as mensagens buscam apoio do maior n\u00famero de cidad\u00e3os poss\u00edveis que sejam contr\u00e1rios ao governo do petista.<\/p>\n","protected":false},"excerpt":{"rendered":"<p>Patriotas de diversas partes do Brasil se organizam para o primeiro grande ato contra o governo de Luiz In\u00e1cio Lula da Silva (PT). As caravanas come\u00e7am a chegar \u00e0 capital federal nesta sexta-feira (6). Na pr\u00f3xima segunda-feira (9), os participantes devem estar reunidos na Pra\u00e7a dos Tr\u00eas Poderes para a manifesta\u00e7\u00e3o. Muitos dos que estavam [&hellip;]<\/p>\n","protected":false},"author":2,"featured_media":14158,"comment_status":"open","ping_status":"open","sticky":false,"template":"","format":"standard","meta":[],"categories":[10],"tags":[13],"_links":{"self":[{"href":"https:\/\/dgospel.com.br\/portal\/index.php\/wp-json\/wp\/v2\/posts\/14157"}],"collection":[{"href":"https:\/\/dgospel.com.br\/portal\/index.php\/wp-json\/wp\/v2\/posts"}],"about":[{"href":"https:\/\/dgospel.com.br\/portal\/index.php\/wp-json\/wp\/v2\/types\/post"}],"author":[{"embeddable":true,"href":"https:\/\/dgospel.com.br\/portal\/index.php\/wp-json\/wp\/v2\/users\/2"}],"replies":[{"embeddable":true,"href":"https:\/\/dgospel.com.br\/portal\/index.php\/wp-json\/wp\/v2\/comments?post=14157"}],"version-history":[{"count":1,"href":"https:\/\/dgospel.com.br\/portal\/index.php\/wp-json\/wp\/v2\/posts\/14157\/revisions"}],"predecessor-version":[{"id":14159,"href":"https:\/\/dgospel.com.br\/portal\/index.php\/wp-json\/wp\/v2\/posts\/14157\/revisions\/14159"}],"wp:featuredmedia":[{"embeddable":true,"href":"https:\/\/dgospel.com.br\/portal\/index.php\/wp-json\/wp\/v2\/media\/14158"}],"wp:attachment":[{"href":"https:\/\/dgospel.com.br\/portal\/index.php\/wp-json\/wp\/v2\/media?parent=14157"}],"wp:term":[{"taxonomy":"category","embeddable":true,"href":"https:\/\/dgospel.com.br\/portal\/index.php\/wp-json\/wp\/v2\/categories?post=14157"},{"taxonomy":"post_tag","embeddable":true,"href":"https:\/\/dgospel.com.br\/portal\/index.php\/wp-json\/wp\/v2\/tags?post=14157"}],"curies":[{"name":"wp","href":"https:\/\/api.w.org\/{rel}","templated":true}]}}