{"id":14160,"date":"2023-01-06T11:02:29","date_gmt":"2023-01-06T14:02:29","guid":{"rendered":"http:\/\/dgospel.com.br\/portal\/?p=14160"},"modified":"2023-01-06T11:02:30","modified_gmt":"2023-01-06T14:02:30","slug":"ministra-do-esporte-defende-incluir-atletas-trans-em-disputas-ciencia","status":"publish","type":"post","link":"https:\/\/dgospel.com.br\/portal\/index.php\/2023\/01\/06\/ministra-do-esporte-defende-incluir-atletas-trans-em-disputas-ciencia\/","title":{"rendered":"Ministra do Esporte defende incluir atletas trans em disputas: \u2018Ci\u00eancia\u2019"},"content":{"rendered":"\n<p>A ministra do Esporte,&nbsp;<a href=\"https:\/\/twitter.com\/anabmoser?ref_src=twsrc%5Egoogle%7Ctwcamp%5Eserp%7Ctwgr%5Eauthor\" target=\"_blank\" rel=\"noreferrer noopener\"><strong>Ana Moser<\/strong><\/a>, defendeu incluir atletas trans em disputas. Embora Ana n\u00e3o tenha citado a modalidade feminina, \u00e9 nela que esse p\u00fablico deseja entrar. H\u00e1 muita pol\u00eamica sobre a quest\u00e3o, visto que os trans acabam ganhando as medalhas de ouro em competi\u00e7\u00f5es contra mulheres biol\u00f3gicas.<\/p>\n\n\n\n<p>\u201cTemos de tratar os trans com todo respeito e condi\u00e7\u00f5es de inclus\u00e3o\u201d, disse Ana, em entrevista ao site&nbsp;<em>Poder360<\/em>, publicada nesta sexta-feira, 6. \u201cJ\u00e1 avan\u00e7amos muito nesses par\u00e2metros com algumas experimenta\u00e7\u00f5es, porque algumas federa\u00e7\u00f5es t\u00eam mais liberdade em alguns lugares do mundo. Precisamos dar o tratamento mais cidad\u00e3o e civilizat\u00f3rio a essas pessoas.\u201d<\/p>\n\n\n\n<p>Ana n\u00e3o nega haver uma discuss\u00e3o ideol\u00f3gica e \u201cmuito barulho\u201c em torno do tema, mas pondera ser preciso ter \u201ctodo cuidado\u201d para respeitar os direitos estabelecidos e acompanhar os \u201cavan\u00e7os que a ci\u00eancia faz em torno do tema\u201d.<\/p>\n\n\n\n<p>Segundo a ministra,&nbsp;\u201ch\u00e1 par\u00e2metros que est\u00e3o sendo avaliados e testados na pr\u00e1tica\u201d, como tempo de transi\u00e7\u00e3o e n\u00edvel de horm\u00f4nios. Ana&nbsp;revelou que a \u201cmiss\u00e3o\u201d dada pelo presidente Lula \u00e9 a de transformar o esporte num mecanismo que atenta aos \u201cmais necessitados\u201d.<\/p>\n","protected":false},"excerpt":{"rendered":"<p>A ministra do Esporte,&nbsp;Ana Moser, defendeu incluir atletas trans em disputas. Embora Ana n\u00e3o tenha citado a modalidade feminina, \u00e9 nela que esse p\u00fablico deseja entrar. H\u00e1 muita pol\u00eamica sobre a quest\u00e3o, visto que os trans acabam ganhando as medalhas de ouro em competi\u00e7\u00f5es contra mulheres biol\u00f3gicas. \u201cTemos de tratar os trans com todo respeito [&hellip;]<\/p>\n","protected":false},"author":2,"featured_media":14161,"comment_status":"open","ping_status":"open","sticky":false,"template":"","format":"standard","meta":[],"categories":[10],"tags":[],"_links":{"self":[{"href":"https:\/\/dgospel.com.br\/portal\/index.php\/wp-json\/wp\/v2\/posts\/14160"}],"collection":[{"href":"https:\/\/dgospel.com.br\/portal\/index.php\/wp-json\/wp\/v2\/posts"}],"about":[{"href":"https:\/\/dgospel.com.br\/portal\/index.php\/wp-json\/wp\/v2\/types\/post"}],"author":[{"embeddable":true,"href":"https:\/\/dgospel.com.br\/portal\/index.php\/wp-json\/wp\/v2\/users\/2"}],"replies":[{"embeddable":true,"href":"https:\/\/dgospel.com.br\/portal\/index.php\/wp-json\/wp\/v2\/comments?post=14160"}],"version-history":[{"count":1,"href":"https:\/\/dgospel.com.br\/portal\/index.php\/wp-json\/wp\/v2\/posts\/14160\/revisions"}],"predecessor-version":[{"id":14162,"href":"https:\/\/dgospel.com.br\/portal\/index.php\/wp-json\/wp\/v2\/posts\/14160\/revisions\/14162"}],"wp:featuredmedia":[{"embeddable":true,"href":"https:\/\/dgospel.com.br\/portal\/index.php\/wp-json\/wp\/v2\/media\/14161"}],"wp:attachment":[{"href":"https:\/\/dgospel.com.br\/portal\/index.php\/wp-json\/wp\/v2\/media?parent=14160"}],"wp:term":[{"taxonomy":"category","embeddable":true,"href":"https:\/\/dgospel.com.br\/portal\/index.php\/wp-json\/wp\/v2\/categories?post=14160"},{"taxonomy":"post_tag","embeddable":true,"href":"https:\/\/dgospel.com.br\/portal\/index.php\/wp-json\/wp\/v2\/tags?post=14160"}],"curies":[{"name":"wp","href":"https:\/\/api.w.org\/{rel}","templated":true}]}}