{"id":14163,"date":"2023-01-06T11:08:03","date_gmt":"2023-01-06T14:08:03","guid":{"rendered":"http:\/\/dgospel.com.br\/portal\/?p=14163"},"modified":"2023-01-06T11:08:05","modified_gmt":"2023-01-06T14:08:05","slug":"brasil-volta-a-integrar-organizacao-esquerdista-da-america-latina","status":"publish","type":"post","link":"https:\/\/dgospel.com.br\/portal\/index.php\/2023\/01\/06\/brasil-volta-a-integrar-organizacao-esquerdista-da-america-latina\/","title":{"rendered":"Brasil volta a integrar organiza\u00e7\u00e3o esquerdista da Am\u00e9rica Latina"},"content":{"rendered":"\n<p>O governo de Luiz In\u00e1cio Lula da Silva (PT) decidiu voltar a integrar a<a href=\"https:\/\/twitter.com\/PPT_CELAC\">&nbsp;<strong>Comunidade dos Estados Latino-Americanos e Caribenhos (Celac)<\/strong><\/a>, organiza\u00e7\u00e3o esquerdista criada em 2010 pelo ent\u00e3o ditador da Venezuela, Hugo Ch\u00e1vez, com a participa\u00e7\u00e3o de todos os governantes socialistas da regi\u00e3o.<\/p>\n\n\n\n<p>Em 2020, o governo de Jair Bolsonaro (PL) oficializou a sa\u00edda da Celac, que excluiu de sua composi\u00e7\u00e3o Estados Unidos e Canad\u00e1 e incluiu \u2014 sem qualquer reprova\u00e7\u00e3o p\u00fablica \u2014 as ditaduras de Cuba, Nicar\u00e1gua e a pr\u00f3pria Venezuela. Ao todo, 33 pa\u00edses fazem parte da organiza\u00e7\u00e3o.<\/p>\n\n\n\n<p>No Twitter, o Minist\u00e9rio das Rela\u00e7\u00f5es Exteriores anunciou \u201ca reincorpora\u00e7\u00e3o de forma plena e imediata a todas as inst\u00e2ncias pol\u00edticas e t\u00e9cnicas\u201d da Celac.<\/p>\n\n\n\n<p><\/p>\n\n\n\n<figure class=\"wp-block-image size-full\"><img loading=\"lazy\" width=\"550\" height=\"461\" src=\"http:\/\/dgospel.com.br\/portal\/wp-content\/uploads\/2023\/01\/0000000.jpg\" alt=\"\" class=\"wp-image-14164\" srcset=\"https:\/\/dgospel.com.br\/portal\/wp-content\/uploads\/2023\/01\/0000000.jpg 550w, https:\/\/dgospel.com.br\/portal\/wp-content\/uploads\/2023\/01\/0000000-300x251.jpg 300w\" sizes=\"(max-width: 550px) 100vw, 550px\" \/><\/figure>\n\n\n\n<p>Em<a href=\"https:\/\/www.gov.br\/mre\/pt-br\/canais_atendimento\/imprensa\/notas-a-imprensa\/retorno-do-brasil-a-celac\">&nbsp;<strong>nota<\/strong><\/a>&nbsp;publicada na quinta-feira 5, o Itamaraty disse que o reingresso tamb\u00e9m foi informado aos \u201cs\u00f3cios extrarregionais com os quais a Celac mant\u00e9m di\u00e1logo regular\u201d, como a Uni\u00e3o Europeia, Associa\u00e7\u00e3o das Na\u00e7\u00f5es do Sudeste Asi\u00e1tico (Asean), a Uni\u00e3o Africana, a China e a \u00cdndia.<\/p>\n\n\n\n<p>O Minist\u00e9rio tamb\u00e9m informa que o Brasil participou diretamente da cria\u00e7\u00e3o da Celac, ao convocar e sediar, em 2008, na Costa do Sau\u00edpe, na Bahia, a I C\u00fapula de Pa\u00edses da Am\u00e9rica Latina e Caribe (Calc).<\/p>\n\n\n\n<p>Ainda segundo a nota, a organiza\u00e7\u00e3o esquerdista tem em sua agenda temas como \u201cseguran\u00e7a alimentar e energ\u00e9tica, sa\u00fade, inclus\u00e3o social, desenvolvimento sustent\u00e1vel, transforma\u00e7\u00e3o digital e infraestrutura para a integra\u00e7\u00e3o\u201d.<\/p>\n\n\n\n<p>\u201cO retorno do Brasil \u00e0 comunidade latino-americana de Estados \u00e9 um passo indispens\u00e1vel para a recomposi\u00e7\u00e3o do nosso patrim\u00f4nio diplom\u00e1tico e para a plena reinser\u00e7\u00e3o do Pa\u00eds ao conv\u00edvio internacional\u201d, disse o Itamaraty.<\/p>\n\n\n\n<p>Lula j\u00e1 confirmou que participar\u00e1, no fim deste m\u00eas, de uma da VII C\u00fapula de Chefes de Estado e de Governo da Celac, em Buenos Aires,<a href=\"https:\/\/revistaoeste.com\/politica\/primeira-viagem-oficial-de-lula-sera-a-argentina\/\">&nbsp;<strong>quando far\u00e1 sua primeira viagem internacional neste governo<\/strong><\/a>. Atualmente, a presid\u00eancia rotativa da Celac est\u00e1 com a Argentina.<\/p>\n","protected":false},"excerpt":{"rendered":"<p>O governo de Luiz In\u00e1cio Lula da Silva (PT) decidiu voltar a integrar a&nbsp;Comunidade dos Estados Latino-Americanos e Caribenhos (Celac), organiza\u00e7\u00e3o esquerdista criada em 2010 pelo ent\u00e3o ditador da Venezuela, Hugo Ch\u00e1vez, com a participa\u00e7\u00e3o de todos os governantes socialistas da regi\u00e3o. Em 2020, o governo de Jair Bolsonaro (PL) oficializou a sa\u00edda da Celac, [&hellip;]<\/p>\n","protected":false},"author":2,"featured_media":14165,"comment_status":"open","ping_status":"open","sticky":false,"template":"","format":"standard","meta":[],"categories":[10],"tags":[],"_links":{"self":[{"href":"https:\/\/dgospel.com.br\/portal\/index.php\/wp-json\/wp\/v2\/posts\/14163"}],"collection":[{"href":"https:\/\/dgospel.com.br\/portal\/index.php\/wp-json\/wp\/v2\/posts"}],"about":[{"href":"https:\/\/dgospel.com.br\/portal\/index.php\/wp-json\/wp\/v2\/types\/post"}],"author":[{"embeddable":true,"href":"https:\/\/dgospel.com.br\/portal\/index.php\/wp-json\/wp\/v2\/users\/2"}],"replies":[{"embeddable":true,"href":"https:\/\/dgospel.com.br\/portal\/index.php\/wp-json\/wp\/v2\/comments?post=14163"}],"version-history":[{"count":1,"href":"https:\/\/dgospel.com.br\/portal\/index.php\/wp-json\/wp\/v2\/posts\/14163\/revisions"}],"predecessor-version":[{"id":14166,"href":"https:\/\/dgospel.com.br\/portal\/index.php\/wp-json\/wp\/v2\/posts\/14163\/revisions\/14166"}],"wp:featuredmedia":[{"embeddable":true,"href":"https:\/\/dgospel.com.br\/portal\/index.php\/wp-json\/wp\/v2\/media\/14165"}],"wp:attachment":[{"href":"https:\/\/dgospel.com.br\/portal\/index.php\/wp-json\/wp\/v2\/media?parent=14163"}],"wp:term":[{"taxonomy":"category","embeddable":true,"href":"https:\/\/dgospel.com.br\/portal\/index.php\/wp-json\/wp\/v2\/categories?post=14163"},{"taxonomy":"post_tag","embeddable":true,"href":"https:\/\/dgospel.com.br\/portal\/index.php\/wp-json\/wp\/v2\/tags?post=14163"}],"curies":[{"name":"wp","href":"https:\/\/api.w.org\/{rel}","templated":true}]}}