{"id":14179,"date":"2023-01-06T11:29:00","date_gmt":"2023-01-06T14:29:00","guid":{"rendered":"http:\/\/dgospel.com.br\/portal\/?p=14179"},"modified":"2023-01-06T11:29:00","modified_gmt":"2023-01-06T14:29:00","slug":"fiscais-do-procon-tocantins-apreendem-mais-de-500-produtos-vencidos-em-supermercado-de-palmas","status":"publish","type":"post","link":"https:\/\/dgospel.com.br\/portal\/index.php\/2023\/01\/06\/fiscais-do-procon-tocantins-apreendem-mais-de-500-produtos-vencidos-em-supermercado-de-palmas\/","title":{"rendered":"Fiscais do Procon Tocantins apreendem mais de 500 produtos vencidos em supermercado de Palmas"},"content":{"rendered":"\n<p>Ap\u00f3s den\u00fancia de um consumidor, o Procon Tocantins apreendeu mais de 500 vencidos em um supermercado de Palmas. A a\u00e7\u00e3o ocorreu na tarde dessa quinta-feira, 5.<\/p>\n\n\n\n<p>A equipe de fiscaliza\u00e7\u00e3o do Procon recebeu a den\u00fancia de um consumidor, que relatou que no supermercado Sava Atacado e Varejo, diversos produtos com a validade vencida estavam sendo comercializados. Ao todo, 515 produtos impr\u00f3prios para o consumo foram retirados das prateleiras do estabelecimento comercial.&nbsp;<\/p>\n\n\n\n<p>&#8220;Assim que os fiscais chegaram no local e acompanharam a venda destes produtos que colocavam a sa\u00fade dos consumidores em risco, os mesmos foram apreendidos e a empresa autuada. A mesma tem o prazo de 20 dias para apresentar defesa&#8221;, explicou Rafael Pereira Parente, superintendente do Procon Tocantins.<\/p>\n\n\n\n<p><strong>Produtos apreendidos<\/strong><\/p>\n\n\n\n<p>Foram apreendidos refrigerantes, energ\u00e9ticos, cervejas, temperos, fermento, sabonete, caf\u00e9, a\u00e7\u00facar, mistura de bolo, leite em p\u00f3, p\u00e3o de hamb\u00farguer, enxaguante bucal, bolacha, torradas, gelatina, ra\u00e7\u00e3o, p\u00e3o de alho, lingui\u00e7a, picanha su\u00edna, entre outros.<\/p>\n\n\n\n<p><strong>O&nbsp;que diz o CDC<\/strong><\/p>\n\n\n\n<p>O artigo 18 do C\u00f3digo de Defesa do Consumidor (CDC) estabelece que s\u00e3o impr\u00f3prios ao uso e consumo: os produtos cujos prazos de validade estejam vencidos; os produtos deteriorados, alterados, adulterados, avariados, falsificados, corrompidos, fraudados, nocivos \u00e0 vida ou \u00e0 sa\u00fade, perigosos ou, ainda, aqueles em desacordo com as normas regulamentares de fabrica\u00e7\u00e3o, distribui\u00e7\u00e3o ou apresenta\u00e7\u00e3o; os produtos que, por qualquer motivo, se revelem inadequados ao fim a que se destinam.<\/p>\n\n\n\n<p><strong>Consumidor deve denunciar<\/strong><\/p>\n\n\n\n<p>O gerente de fiscaliza\u00e7\u00e3o Magno Silva, destaca que \u00e9 fundamental que o consumidor ao encontrar qualquer irregularidade, formalize de imediato a den\u00fancia.<\/p>\n\n\n\n<p>&#8220;Est\u00e1 a\u00e7\u00e3o s\u00f3 foi poss\u00edvel porque um consumidor efetuou a den\u00fancia. Ele relatou que produtos estavam vencidos e passou todas as informa\u00e7\u00f5es para que a fiscaliza\u00e7\u00e3o coibisse esta pr\u00e1tica vedada por lei&#8221;, afirmou Silva.<\/p>\n\n\n\n<p>O consumidor pode ser denunciar nos canais do Procon Tocantins, por meio do Disque 151 ou Whats Den\u00fancia 99216-6840.<\/p>\n\n\n\n<p><img src=\"https:\/\/central.to.gov.br\/image\/313892?w=670&amp;h=383\"><\/p>\n\n\n\n<p>Produtos encontrados estavam impr\u00f3prios para o consumo &#8211; Procon\/Governo do Tocantins\u00a0<\/p>\n\n\n\n<p><img src=\"https:\/\/central.to.gov.br\/image\/313894?w=670&amp;h=383\"><\/p>\n\n\n\n<p>Fiscais encontram mais de 500 produtos vencidos no estabelecimento &#8211; Procon\/Governo do Tocantins\u00a0<\/p>\n\n\n\n<p><img src=\"https:\/\/central.to.gov.br\/image\/313893?w=670&amp;h=383\"><\/p>\n\n\n\n<p>Equipe de fiscaliza\u00e7\u00e3o do Procon recebeu a den\u00fancia de um consumidor &#8211; Procon\/Governo do Tocantins\u00a0<\/p>\n\n\n\n<p><img src=\"https:\/\/central.to.gov.br\/image\/313897?w=670&amp;h=383\"><\/p>\n\n\n\n<p>Produtos com prazo de validade vencido &#8211; Procon\/Governo do Tocantins\u00a0<\/p>\n\n\n\n<p><img src=\"https:\/\/central.to.gov.br\/image\/313896?w=670&amp;h=383\"><\/p>\n\n\n\n<p>A\u00e7\u00e3o ocorreu na tarde desta quinta-feira, 5 &#8211; Procon\/Governo do Tocantins<\/p>\n","protected":false},"excerpt":{"rendered":"<p>Ap\u00f3s den\u00fancia de um consumidor, o Procon Tocantins apreendeu mais de 500 vencidos em um supermercado de Palmas. A a\u00e7\u00e3o ocorreu na tarde dessa quinta-feira, 5. A equipe de fiscaliza\u00e7\u00e3o do Procon recebeu a den\u00fancia de um consumidor, que relatou que no supermercado Sava Atacado e Varejo, diversos produtos com a validade vencida estavam sendo [&hellip;]<\/p>\n","protected":false},"author":2,"featured_media":14180,"comment_status":"open","ping_status":"open","sticky":false,"template":"","format":"standard","meta":[],"categories":[3],"tags":[],"_links":{"self":[{"href":"https:\/\/dgospel.com.br\/portal\/index.php\/wp-json\/wp\/v2\/posts\/14179"}],"collection":[{"href":"https:\/\/dgospel.com.br\/portal\/index.php\/wp-json\/wp\/v2\/posts"}],"about":[{"href":"https:\/\/dgospel.com.br\/portal\/index.php\/wp-json\/wp\/v2\/types\/post"}],"author":[{"embeddable":true,"href":"https:\/\/dgospel.com.br\/portal\/index.php\/wp-json\/wp\/v2\/users\/2"}],"replies":[{"embeddable":true,"href":"https:\/\/dgospel.com.br\/portal\/index.php\/wp-json\/wp\/v2\/comments?post=14179"}],"version-history":[{"count":1,"href":"https:\/\/dgospel.com.br\/portal\/index.php\/wp-json\/wp\/v2\/posts\/14179\/revisions"}],"predecessor-version":[{"id":14181,"href":"https:\/\/dgospel.com.br\/portal\/index.php\/wp-json\/wp\/v2\/posts\/14179\/revisions\/14181"}],"wp:featuredmedia":[{"embeddable":true,"href":"https:\/\/dgospel.com.br\/portal\/index.php\/wp-json\/wp\/v2\/media\/14180"}],"wp:attachment":[{"href":"https:\/\/dgospel.com.br\/portal\/index.php\/wp-json\/wp\/v2\/media?parent=14179"}],"wp:term":[{"taxonomy":"category","embeddable":true,"href":"https:\/\/dgospel.com.br\/portal\/index.php\/wp-json\/wp\/v2\/categories?post=14179"},{"taxonomy":"post_tag","embeddable":true,"href":"https:\/\/dgospel.com.br\/portal\/index.php\/wp-json\/wp\/v2\/tags?post=14179"}],"curies":[{"name":"wp","href":"https:\/\/api.w.org\/{rel}","templated":true}]}}