{"id":14182,"date":"2023-01-06T11:30:33","date_gmt":"2023-01-06T14:30:33","guid":{"rendered":"http:\/\/dgospel.com.br\/portal\/?p=14182"},"modified":"2023-01-06T11:30:33","modified_gmt":"2023-01-06T14:30:33","slug":"filho-de-ze-dirceu-sera-o-lider-do-pt-na-camara","status":"publish","type":"post","link":"https:\/\/dgospel.com.br\/portal\/index.php\/2023\/01\/06\/filho-de-ze-dirceu-sera-o-lider-do-pt-na-camara\/","title":{"rendered":"Filho de Z\u00e9 Dirceu ser\u00e1 o l\u00edder do PT na C\u00e2mara"},"content":{"rendered":"\n<p>O deputado federal Zeca Dirceu (PT-PR), filho de Jos\u00e9 Dirceu, ser\u00e1 o l\u00edder do PT na C\u00e2mara dos Deputados, em 2023. neste ano. Ap\u00f3s impasse entre a maioria petista chamada \u201cConstruindo um Novo Brasil (CNB)\u201d e o grupo de alas minorit\u00e1rias, chamado \u201cesquerda do PT\u201d.<\/p>\n\n\n\n<p>Em 2024 o l\u00edder do partido ser\u00e1 Odair Cunha (PT-MG). O acordo incluiu um cargo na Mesa Diretora da C\u00e2mara que ficar\u00e1 com a deputada Maria do Ros\u00e1rio (PT-RS).<\/p>\n\n\n\n<p>O partido tamb\u00e9m j\u00e1 definiu os l\u00edderes do governo: Jos\u00e9 Guimar\u00e3es (PT-CE) como l\u00edder na C\u00e2mara; e o senador Jaques Wagner (PT-BA) como l\u00edder no Senado. J\u00e1 o senador Randolfe Rodrigues (Rede-AP) assumir\u00e1 a lideran\u00e7a no Congresso.<\/p>\n","protected":false},"excerpt":{"rendered":"<p>O deputado federal Zeca Dirceu (PT-PR), filho de Jos\u00e9 Dirceu, ser\u00e1 o l\u00edder do PT na C\u00e2mara dos Deputados, em 2023. neste ano. Ap\u00f3s impasse entre a maioria petista chamada \u201cConstruindo um Novo Brasil (CNB)\u201d e o grupo de alas minorit\u00e1rias, chamado \u201cesquerda do PT\u201d. Em 2024 o l\u00edder do partido ser\u00e1 Odair Cunha (PT-MG). [&hellip;]<\/p>\n","protected":false},"author":2,"featured_media":14183,"comment_status":"open","ping_status":"open","sticky":false,"template":"","format":"standard","meta":[],"categories":[4],"tags":[],"_links":{"self":[{"href":"https:\/\/dgospel.com.br\/portal\/index.php\/wp-json\/wp\/v2\/posts\/14182"}],"collection":[{"href":"https:\/\/dgospel.com.br\/portal\/index.php\/wp-json\/wp\/v2\/posts"}],"about":[{"href":"https:\/\/dgospel.com.br\/portal\/index.php\/wp-json\/wp\/v2\/types\/post"}],"author":[{"embeddable":true,"href":"https:\/\/dgospel.com.br\/portal\/index.php\/wp-json\/wp\/v2\/users\/2"}],"replies":[{"embeddable":true,"href":"https:\/\/dgospel.com.br\/portal\/index.php\/wp-json\/wp\/v2\/comments?post=14182"}],"version-history":[{"count":1,"href":"https:\/\/dgospel.com.br\/portal\/index.php\/wp-json\/wp\/v2\/posts\/14182\/revisions"}],"predecessor-version":[{"id":14184,"href":"https:\/\/dgospel.com.br\/portal\/index.php\/wp-json\/wp\/v2\/posts\/14182\/revisions\/14184"}],"wp:featuredmedia":[{"embeddable":true,"href":"https:\/\/dgospel.com.br\/portal\/index.php\/wp-json\/wp\/v2\/media\/14183"}],"wp:attachment":[{"href":"https:\/\/dgospel.com.br\/portal\/index.php\/wp-json\/wp\/v2\/media?parent=14182"}],"wp:term":[{"taxonomy":"category","embeddable":true,"href":"https:\/\/dgospel.com.br\/portal\/index.php\/wp-json\/wp\/v2\/categories?post=14182"},{"taxonomy":"post_tag","embeddable":true,"href":"https:\/\/dgospel.com.br\/portal\/index.php\/wp-json\/wp\/v2\/tags?post=14182"}],"curies":[{"name":"wp","href":"https:\/\/api.w.org\/{rel}","templated":true}]}}