{"id":14188,"date":"2023-01-06T11:37:48","date_gmt":"2023-01-06T14:37:48","guid":{"rendered":"http:\/\/dgospel.com.br\/portal\/?p=14188"},"modified":"2023-01-06T11:37:49","modified_gmt":"2023-01-06T14:37:49","slug":"temos-que-enfrentar-tribulacoes-e-confiar-em-deus-diz-pastor-perseguido-em-cuba","status":"publish","type":"post","link":"https:\/\/dgospel.com.br\/portal\/index.php\/2023\/01\/06\/temos-que-enfrentar-tribulacoes-e-confiar-em-deus-diz-pastor-perseguido-em-cuba\/","title":{"rendered":"\u201cTemos que enfrentar tribula\u00e7\u00f5es e confiar em Deus\u201d, diz pastor perseguido em Cuba"},"content":{"rendered":"\n<p>A hist\u00f3ria do pastor Angel, que atua em&nbsp;<a href=\"https:\/\/guiame.com.br\/gospel\/noticias\/eua-adicionam-cuba-e-nicaragua-lista-negra-da-liberdade-religiosa.html\"><strong>Cuba<\/strong><\/a>&nbsp;junto com seu pai, \u00e9 um exemplo de f\u00e9 e perseveran\u00e7a em meio \u00e0s dificuldades de um pa\u00eds comunista. Como muitos outros l\u00edderes cubanos, os dois dedicaram suas vidas para pregar o Evangelho.&nbsp;<\/p>\n\n\n\n<p>Mesmo sendo amea\u00e7ados pelo governo permaneceram firmes. Angel conta que sua hist\u00f3ria com Jesus come\u00e7ou quando era bem pequeno, nos tempos de escola, quando seu pai foi preso pelo governo cubano.<\/p>\n\n\n\n<p>\u201cO alimento era escasso e t\u00ednhamos poucas roupas, mas o que mais me incomodava era o bullying que sofria na escola&nbsp;<a href=\"https:\/\/guiame.com.br\/gospel\/missoes-acao-social\/pastor-e-familia-fogem-de-cuba-apos-regime-comunista-ameaca-lo-de-prisao.html\"><strong>por ser crist\u00e3o<\/strong><\/a>\u201d, disse ao revelar que os colegas de classe sabiam que seu pai estava no campo de trabalho for\u00e7ado por ser pastor.<\/p>\n\n\n\n<p><strong>\u201cFui submetido a castigos duros\u201d<\/strong><\/p>\n\n\n\n<p>De acordo com os relatos de Angel, alguns professores n\u00e3o apenas se juntavam \u00e0 zombaria, mas tamb\u00e9m batiam nele: \u201cFui submetido a castigos duros. Era insuport\u00e1vel. Foi nesse contexto que cresci\u201d.<\/p>\n\n\n\n<p>Quando o&nbsp;<a href=\"https:\/\/guiame.com.br\/gospel\/missoes-acao-social\/cuba-condena-pastor-8-anos-de-prisao-por-participar-de-protesto-pro-democracia.html\"><strong>governo cubano<\/strong><\/a>&nbsp;desfez os campos de trabalho for\u00e7ado, em 1968, ent\u00e3o os presos foram libertados. Angel e a m\u00e3e foram receber o pai assim que souberam.&nbsp;<\/p>\n\n\n\n<p>\u201cEle estava barbudo, magro, vestindo um uniforme verde sujo e fedido. O sofrimento estava vis\u00edvel em seu rosto. Os homens que estavam com ele caminhavam devagar, com semblante triste\u201d, lembrou.<\/p>\n\n\n\n<p>Angel disse que n\u00e3o conheceu o pai: \u201cFoi apenas quando ele me pegou nos bra\u00e7os que eu soube que era ele. Essa \u00e9 a primeira lembran\u00e7a que tenho do meu pai\u201d, continuou.&nbsp;<\/p>\n\n\n\n<p><strong>Isolados do mundo<\/strong><\/p>\n\n\n\n<p>A fam\u00edlia encontrou abrigo num semin\u00e1rio, onde puderam recome\u00e7ar a vida. O pai de Angel foi contratado como administrador do local.<\/p>\n\n\n\n<p>Apesar da incerteza quanto ao futuro da igreja, eles tamb\u00e9m sabiam que o governo planejava controlar ou suprimir as atividades religiosas que haviam sobrevivido no pa\u00eds.&nbsp;<\/p>\n\n\n\n<p>Muitos l\u00edderes crist\u00e3os e mission\u00e1rios estrangeiros foram expulsos, mas aqueles que permaneceram continuaram a miss\u00e3o, isolados da comunidade crist\u00e3 global.&nbsp;&nbsp;<\/p>\n\n\n\n<p><strong>\u2018Deus sempre nos protegeu\u2019<\/strong><\/p>\n\n\n\n<p>Por tudo o que viu e viveu, Angel pensava em n\u00e3o se envolver no trabalho mission\u00e1rio. Ele explica que n\u00e3o queria causar dor para os familiares.<\/p>\n\n\n\n<p>Em seus planos, Angel s\u00f3 queria ter uma carreira para fugir da pobreza. Mas Deus tinha outros planos para ele. \u201cE aqui estou, servindo como ministro do Senhor para pregar as boas novas na zona rural e nas cidades. Em todas as igrejas pelas quais passei Deus nos protegeu\u201d, testemunhou.&nbsp;<\/p>\n\n\n\n<p>O pastor falou sobre as dificuldades enfrentadas em 2022, mas que depois de atuar como l\u00edder durante 40 anos, aprendeu que \u201cprecisa enfrentar os desafios e tribula\u00e7\u00f5es com coragem e confiar em Deus\u201d.&nbsp;<\/p>\n\n\n\n<p>Embora o&nbsp;<a href=\"https:\/\/guiame.com.br\/gospel\/noticias\/onu-questiona-governo-de-cuba-sobre-prisao-de-pastor.html\"><strong>governo cubano<\/strong><\/a>&nbsp;tenha amenizado algumas restri\u00e7\u00f5es, o que permitiu a reabertura de algumas igrejas, ainda assim a liberdade religiosa continua distante, conforme a Portas Abertas.<\/p>\n\n\n\n<p>Crist\u00e3os relatam viola\u00e7\u00f5es dos direitos humanos, ass\u00e9dios e persegui\u00e7\u00e3o por parte das autoridades cubanas e pedem as ora\u00e7\u00f5es da Igreja no Brasil.<\/p>\n","protected":false},"excerpt":{"rendered":"<p>A hist\u00f3ria do pastor Angel, que atua em&nbsp;Cuba&nbsp;junto com seu pai, \u00e9 um exemplo de f\u00e9 e perseveran\u00e7a em meio \u00e0s dificuldades de um pa\u00eds comunista. Como muitos outros l\u00edderes cubanos, os dois dedicaram suas vidas para pregar o Evangelho.&nbsp; Mesmo sendo amea\u00e7ados pelo governo permaneceram firmes. Angel conta que sua hist\u00f3ria com Jesus come\u00e7ou [&hellip;]<\/p>\n","protected":false},"author":2,"featured_media":14189,"comment_status":"open","ping_status":"open","sticky":false,"template":"","format":"standard","meta":[],"categories":[16],"tags":[],"_links":{"self":[{"href":"https:\/\/dgospel.com.br\/portal\/index.php\/wp-json\/wp\/v2\/posts\/14188"}],"collection":[{"href":"https:\/\/dgospel.com.br\/portal\/index.php\/wp-json\/wp\/v2\/posts"}],"about":[{"href":"https:\/\/dgospel.com.br\/portal\/index.php\/wp-json\/wp\/v2\/types\/post"}],"author":[{"embeddable":true,"href":"https:\/\/dgospel.com.br\/portal\/index.php\/wp-json\/wp\/v2\/users\/2"}],"replies":[{"embeddable":true,"href":"https:\/\/dgospel.com.br\/portal\/index.php\/wp-json\/wp\/v2\/comments?post=14188"}],"version-history":[{"count":1,"href":"https:\/\/dgospel.com.br\/portal\/index.php\/wp-json\/wp\/v2\/posts\/14188\/revisions"}],"predecessor-version":[{"id":14190,"href":"https:\/\/dgospel.com.br\/portal\/index.php\/wp-json\/wp\/v2\/posts\/14188\/revisions\/14190"}],"wp:featuredmedia":[{"embeddable":true,"href":"https:\/\/dgospel.com.br\/portal\/index.php\/wp-json\/wp\/v2\/media\/14189"}],"wp:attachment":[{"href":"https:\/\/dgospel.com.br\/portal\/index.php\/wp-json\/wp\/v2\/media?parent=14188"}],"wp:term":[{"taxonomy":"category","embeddable":true,"href":"https:\/\/dgospel.com.br\/portal\/index.php\/wp-json\/wp\/v2\/categories?post=14188"},{"taxonomy":"post_tag","embeddable":true,"href":"https:\/\/dgospel.com.br\/portal\/index.php\/wp-json\/wp\/v2\/tags?post=14188"}],"curies":[{"name":"wp","href":"https:\/\/api.w.org\/{rel}","templated":true}]}}