{"id":14194,"date":"2023-01-06T11:42:07","date_gmt":"2023-01-06T14:42:07","guid":{"rendered":"http:\/\/dgospel.com.br\/portal\/?p=14194"},"modified":"2023-01-06T11:42:08","modified_gmt":"2023-01-06T14:42:08","slug":"aborto-e-a-principal-causa-de-morte-no-mundo-em-2022-com-44-milhoes-de-bebes-mortos","status":"publish","type":"post","link":"https:\/\/dgospel.com.br\/portal\/index.php\/2023\/01\/06\/aborto-e-a-principal-causa-de-morte-no-mundo-em-2022-com-44-milhoes-de-bebes-mortos\/","title":{"rendered":"Aborto \u00e9 a principal causa de morte no mundo em 2022 com 44 milh\u00f5es de beb\u00eas mortos"},"content":{"rendered":"\n<p>O&nbsp;<strong><a href=\"https:\/\/guiame.com.br\/gospel\/mundo-cristao\/jovem-desiste-de-aborto-apos-ouvir-deus-nao-faca-isso.html\">aborto<\/a><\/strong>&nbsp;foi a principal causa de&nbsp;<strong><a href=\"https:\/\/guiame.com.br\/gospel\/noticias\/pilulas-abortivas-serao-vendidas-em-farmacias-dos-eua.html\">mortes&nbsp;<\/a><\/strong>no mundo em 2022, pelo quarto ano consecutivo, de acordo o banco de dados de sa\u00fade Worldometer. No total, 44 milh\u00f5es de beb\u00eas foram mortos no ano passado.<\/p>\n\n\n\n<p>O relat\u00f3rio \u00e9 baseado em estat\u00edsticas da Organiza\u00e7\u00e3o Mundial da Sa\u00fade, embora a OMS afirma que cerca de 73 milh\u00f5es de abortos induzidos ocorrem no mundo a cada ano.<\/p>\n\n\n\n<p>A segunda principal causa de morte em 2022 foi doen\u00e7as transmiss\u00edveis, que causaram quase 13 milh\u00f5es de mortes.<\/p>\n\n\n\n<p>Em seguida, o c\u00e2ncer, vitimando 8 milh\u00f5es de pessoas, 5 milh\u00f5es de mortes causadas pelo tabagismo e 2,5 milh\u00f5es de mortes relacionadas ao \u00e1lcool.<\/p>\n\n\n\n<p>Logo depois, vem as mortes ocasionadas pela AIDS; quase 2 milh\u00f5es. As principais causas de mortes identificadas pelo Worldometer tamb\u00e9m incluem acidentes de tr\u00e2nsito, que mataram mais de 1 milh\u00e3o de vidas, e suic\u00eddios, totalizando mais de 1 milh\u00e3o..<\/p>\n\n\n\n<p>Segundo o levantamento, as mortes por Covid-19 chegaram a 1.209.570 no ano passado.<\/p>\n\n\n\n<p>Em 2022, o n\u00famero de mortes por aborto foi quase quatro vezes maior do que o de mortes causadas por doen\u00e7as infecciosas.&nbsp;<\/p>\n\n\n\n<p><strong>Leis pr\u00f3-vida diminuem abortos<\/strong><\/p>\n\n\n\n<p>Nos Estados Unidos, ap\u00f3s a&nbsp;<a href=\"https:\/\/guiame.com.br\/gospel\/noticias\/apos-49-anos-suprema-corte-dos-eua-derruba-lei-pro-aborto-no-pais.html\"><strong>derrubada do direito ao aborto<\/strong>&nbsp;<\/a>pela Suprema Corte em julho, mais de 175 mil abortos foram evitados, segundo o grupo pr\u00f3-vida Susan B. Anthony Pro-Life America.<\/p>\n\n\n\n<p>Desde a decis\u00e3o da Suprema Corte dos EUA, 14 estados americanos implementaram leis proibindo totalmente ou parcialmente a&nbsp;<strong><a href=\"https:\/\/guiame.com.br\/gospel\/noticias\/espanha-permitira-que-jovens-de-16-anos-abortem-sem-consentimento-dos-pais.html\">interrup\u00e7\u00e3o da gesta\u00e7\u00e3o<\/a><\/strong>.&nbsp;<\/p>\n\n\n\n<p>De acordo com estimativas do grupo pr\u00f3-vida, a partir de 2 de dezembro, ocorreram 125.082 abortos a menos.<\/p>\n\n\n\n<p>Nos \u00faltimos quatro anos, o aborto se manteve como a principal causa de mortes no mundo, apresentando um leve aumento ao longo dos anos.&nbsp;<\/p>\n\n\n\n<p>Em 2021 e 2020, aproximadamente 44 milh\u00f5es de beb\u00eas foram abortados. 42,4 milh\u00f5es de fetos foram mortos em 2019.&nbsp;&nbsp;&nbsp;<\/p>\n","protected":false},"excerpt":{"rendered":"<p>O&nbsp;aborto&nbsp;foi a principal causa de&nbsp;mortes&nbsp;no mundo em 2022, pelo quarto ano consecutivo, de acordo o banco de dados de sa\u00fade Worldometer. No total, 44 milh\u00f5es de beb\u00eas foram mortos no ano passado. O relat\u00f3rio \u00e9 baseado em estat\u00edsticas da Organiza\u00e7\u00e3o Mundial da Sa\u00fade, embora a OMS afirma que cerca de 73 milh\u00f5es de abortos induzidos [&hellip;]<\/p>\n","protected":false},"author":2,"featured_media":14195,"comment_status":"open","ping_status":"open","sticky":false,"template":"","format":"standard","meta":[],"categories":[16],"tags":[],"_links":{"self":[{"href":"https:\/\/dgospel.com.br\/portal\/index.php\/wp-json\/wp\/v2\/posts\/14194"}],"collection":[{"href":"https:\/\/dgospel.com.br\/portal\/index.php\/wp-json\/wp\/v2\/posts"}],"about":[{"href":"https:\/\/dgospel.com.br\/portal\/index.php\/wp-json\/wp\/v2\/types\/post"}],"author":[{"embeddable":true,"href":"https:\/\/dgospel.com.br\/portal\/index.php\/wp-json\/wp\/v2\/users\/2"}],"replies":[{"embeddable":true,"href":"https:\/\/dgospel.com.br\/portal\/index.php\/wp-json\/wp\/v2\/comments?post=14194"}],"version-history":[{"count":1,"href":"https:\/\/dgospel.com.br\/portal\/index.php\/wp-json\/wp\/v2\/posts\/14194\/revisions"}],"predecessor-version":[{"id":14196,"href":"https:\/\/dgospel.com.br\/portal\/index.php\/wp-json\/wp\/v2\/posts\/14194\/revisions\/14196"}],"wp:featuredmedia":[{"embeddable":true,"href":"https:\/\/dgospel.com.br\/portal\/index.php\/wp-json\/wp\/v2\/media\/14195"}],"wp:attachment":[{"href":"https:\/\/dgospel.com.br\/portal\/index.php\/wp-json\/wp\/v2\/media?parent=14194"}],"wp:term":[{"taxonomy":"category","embeddable":true,"href":"https:\/\/dgospel.com.br\/portal\/index.php\/wp-json\/wp\/v2\/categories?post=14194"},{"taxonomy":"post_tag","embeddable":true,"href":"https:\/\/dgospel.com.br\/portal\/index.php\/wp-json\/wp\/v2\/tags?post=14194"}],"curies":[{"name":"wp","href":"https:\/\/api.w.org\/{rel}","templated":true}]}}