{"id":14197,"date":"2023-01-06T11:47:08","date_gmt":"2023-01-06T14:47:08","guid":{"rendered":"http:\/\/dgospel.com.br\/portal\/?p=14197"},"modified":"2023-01-06T11:47:10","modified_gmt":"2023-01-06T14:47:10","slug":"ministras-de-lula-defendem-aborto-como-direito-pastor-fala-em-estelionato-eleitoral","status":"publish","type":"post","link":"https:\/\/dgospel.com.br\/portal\/index.php\/2023\/01\/06\/ministras-de-lula-defendem-aborto-como-direito-pastor-fala-em-estelionato-eleitoral\/","title":{"rendered":"Ministras de Lula defendem aborto como direito; pastor fala em estelionato eleitoral"},"content":{"rendered":"\n<p>O que poderia ser motivo de surpresa para alguns, na verdade, n\u00e3o passa da confirma\u00e7\u00e3o do que crist\u00e3os conservadores j\u00e1 sabiam: o governo Lula ser\u00e1 favor\u00e1vel ao aborto e defender\u00e1 a sua descriminaliza\u00e7\u00e3o ou, no m\u00ednimo, a manuten\u00e7\u00e3o da legisla\u00e7\u00e3o atual, sem qualquer amplia\u00e7\u00e3o de prote\u00e7\u00e3o \u00e0 vida desde a concep\u00e7\u00e3o.<\/p>\n\n\n\n<p>Foi isso o que as ministras da Sa\u00fade e da Mulher, respectivamente, deixaram claro em suas primeiras manifesta\u00e7\u00f5es. O principal argumento utilizado \u00e9 a narrativa do aborto como quest\u00e3o de \u201csa\u00fade p\u00fablica\u201d, algo que, na pr\u00e1tica, ignora as implica\u00e7\u00f5es \u00e9ticas e humanas sobre o tema.<\/p>\n\n\n\n<p>\u201cPara n\u00f3s, a quest\u00e3o do aborto \u00e9 uma quest\u00e3o de sa\u00fade p\u00fablica\u201d, afirmou a ministra Aparecida Gon\u00e7alves em uma entrevista para o jornal Folha de S. Paulo, onde tamb\u00e9m criticou o Estatuto do Nascituro, uma iniciativa conservadora que tramita no Parlamento h\u00e1 anos.<\/p>\n\n\n\n<p>\u201c\u00c9 importante pensar que n\u00f3s estamos terminando um ano em que o Estatuto do Nascituro estava a\u00ed no Congresso e n\u00f3s quase perdemos. Se n\u00f3s tiv\u00e9ssemos perdido ali, naquele debate, o aborto teria sido encerrado de todas as formas\u201d, disse ela.<\/p>\n\n\n\n<p>Gon\u00e7alves deixou claro que \u201co que for poss\u00edvel avan\u00e7ar, n\u00f3s vamos avan\u00e7ar\u201d, no sentido de ampliar o direito ao aborto no Brasil. Em caso contr\u00e1rio, \u201cse for para retroceder \u00e9 melhor a gente assegurar o que est\u00e1 garantido em leis.\u201d<\/p>\n\n\n\n<h2>Contradi\u00e7\u00e3o<\/h2>\n\n\n\n<p>A nova ministra da Sa\u00fade, N\u00edsia Trindade, tamb\u00e9m&nbsp;<a href=\"https:\/\/www.gazetadopovo.com.br\/vida-e-cidadania\/sociologa-pro-aborto-quem-e-nisia-trindade-ministra-saude-governo-lula\/\">j\u00e1<\/a>&nbsp;se pronunciou sobre o tema. Ela classificou a agenda do ent\u00e3o governo Bolsonaro como algo que \u201cofendem a ci\u00eancia, os direitos humanos, os direitos sexuais e reprodutivos e que transforma v\u00e1rias posi\u00e7\u00f5es do Minist\u00e9rio da Sa\u00fade em uma agenda conservadora e negacionista\u201d.<\/p>\n\n\n\n<p>Conforme o GospelMais<a href=\"https:\/\/noticias.gospelmais.com.br\/malafaia-contradicao-lula-ministra-saude-defende-aborto-159489.html\">&nbsp;noticiou esta semana,<\/a>&nbsp;o pastor Silas Malafaia apontou a contradi\u00e7\u00e3o das representantes do governo Lula sobre o tema, visto que o petista havia escrito em sua \u201ccarta aos evang\u00e9licos\u201d, publicada durante a campanha eleitoral, que n\u00e3o promoveria o aborto.<\/p>\n\n\n\n<p>Para o pastor Yago Martins, a defesa do aborto por parte das ministras de Lula caracteriza o primeiro \u201cestelionato eleitoral\u201d por parte do novo governo. Ou seja, primeiro engano contra a popula\u00e7\u00e3o, precisamente os evang\u00e9licos.<\/p>\n\n\n\n<p>O pastor e deputado federal Marco Feliciano tamb\u00e9m gravou um v\u00eddeo para comentar o assunto, criticando a posi\u00e7\u00e3o do novo governo. Assista:<\/p>\n","protected":false},"excerpt":{"rendered":"<p>O que poderia ser motivo de surpresa para alguns, na verdade, n\u00e3o passa da confirma\u00e7\u00e3o do que crist\u00e3os conservadores j\u00e1 sabiam: o governo Lula ser\u00e1 favor\u00e1vel ao aborto e defender\u00e1 a sua descriminaliza\u00e7\u00e3o ou, no m\u00ednimo, a manuten\u00e7\u00e3o da legisla\u00e7\u00e3o atual, sem qualquer amplia\u00e7\u00e3o de prote\u00e7\u00e3o \u00e0 vida desde a concep\u00e7\u00e3o. Foi isso o que [&hellip;]<\/p>\n","protected":false},"author":2,"featured_media":14198,"comment_status":"open","ping_status":"open","sticky":false,"template":"","format":"standard","meta":[],"categories":[4],"tags":[],"_links":{"self":[{"href":"https:\/\/dgospel.com.br\/portal\/index.php\/wp-json\/wp\/v2\/posts\/14197"}],"collection":[{"href":"https:\/\/dgospel.com.br\/portal\/index.php\/wp-json\/wp\/v2\/posts"}],"about":[{"href":"https:\/\/dgospel.com.br\/portal\/index.php\/wp-json\/wp\/v2\/types\/post"}],"author":[{"embeddable":true,"href":"https:\/\/dgospel.com.br\/portal\/index.php\/wp-json\/wp\/v2\/users\/2"}],"replies":[{"embeddable":true,"href":"https:\/\/dgospel.com.br\/portal\/index.php\/wp-json\/wp\/v2\/comments?post=14197"}],"version-history":[{"count":1,"href":"https:\/\/dgospel.com.br\/portal\/index.php\/wp-json\/wp\/v2\/posts\/14197\/revisions"}],"predecessor-version":[{"id":14199,"href":"https:\/\/dgospel.com.br\/portal\/index.php\/wp-json\/wp\/v2\/posts\/14197\/revisions\/14199"}],"wp:featuredmedia":[{"embeddable":true,"href":"https:\/\/dgospel.com.br\/portal\/index.php\/wp-json\/wp\/v2\/media\/14198"}],"wp:attachment":[{"href":"https:\/\/dgospel.com.br\/portal\/index.php\/wp-json\/wp\/v2\/media?parent=14197"}],"wp:term":[{"taxonomy":"category","embeddable":true,"href":"https:\/\/dgospel.com.br\/portal\/index.php\/wp-json\/wp\/v2\/categories?post=14197"},{"taxonomy":"post_tag","embeddable":true,"href":"https:\/\/dgospel.com.br\/portal\/index.php\/wp-json\/wp\/v2\/tags?post=14197"}],"curies":[{"name":"wp","href":"https:\/\/api.w.org\/{rel}","templated":true}]}}