{"id":142,"date":"2018-05-15T09:01:32","date_gmt":"2018-05-15T12:01:32","guid":{"rendered":"http:\/\/dgospel.com.br\/portal\/?p=142"},"modified":"2018-05-15T09:01:32","modified_gmt":"2018-05-15T12:01:32","slug":"vicentinho-recebe-apoio-do-pastor-joao-feitosa-presidente-da-ad-madureira-em-gurupi","status":"publish","type":"post","link":"https:\/\/dgospel.com.br\/portal\/index.php\/2018\/05\/15\/vicentinho-recebe-apoio-do-pastor-joao-feitosa-presidente-da-ad-madureira-em-gurupi\/","title":{"rendered":"Vicentinho recebe apoio do pastor Jo\u00e3o Feitosa presidente da AD Madureira em Gurupi"},"content":{"rendered":"<p>O candidato da coliga\u00e7\u00e3o A vez dos tocantinenses, Vicentinho Alves (PR), cumpriu intensa agenda em Gurupi nesta segunda-feira, 14, organizada e coordenada pela deputada federal Josi Nunes.<br \/>\nAs atividades come\u00e7aram \u00e0s 6h30, com uma visita ao Matadouro Municipal, onde conversou com os propriet\u00e1rios e funcion\u00e1rios. \u00c0s 7h30 fez uma apresenta\u00e7\u00e3o sucinta de seu programa emergencial de governo aos colaboradores de uma empresa no centro da cidade, reunindo-se em seguida, \u00e0s 8h30 com diretores da C\u00e2mara de Dirigentes Lojistas de Gurupi (CDL).<br \/>\nAntes da caminhada pelo com\u00e9rcio na sa\u00edda para Peixe, \u00e0s 11 horas, Vicentinho reuniu-se com o ex-vereador e ex candidato a prefeito de Gurupi, Walter J\u00fanior.<\/p>\n<p>Outro encontro que chamou aten\u00e7\u00e3o foi o encontro de Vicentinho com pastores assembleianos, ocasi\u00e3o em que ele recebeu total apoio do presidente das Assembleia de Deus (Madureira) no Tocantins, pastor e ex-deputado federal, Amarildo Martins e do vice-presidente Pastor Jo\u00e3o Feitosa e finalizou a noite em uma reuni\u00e3o no escrit\u00f3rio pol\u00edtico da deputada federal Josi Nunes (PROS).<br \/>\n\u201cN\u00f3s vamos para o governo do Estado com o pastor Amarildo, com o pastor Jo\u00e3o Campos e com o pastor Jo\u00e3o Feitosa que n\u00e3o pediram nada, a n\u00e3o ser para fazer um grande governo. Eu me senti no dever, pela import\u00e2ncia deste segmento, eu disse para eles que os evang\u00e9licos do Tocantins v\u00e3o para uma secretaria me ajudar a governar o Estado [..] Pela primeira vez na hist\u00f3ria do Estado vai um evang\u00e9lico para uma pasta importante que j\u00e1 estamos conversando\u201d disse Vicentinho.<br \/>\nEle tamb\u00e9m defendeu algumas afinidades com os evang\u00e9licos em suas vota\u00e7\u00f5es no Congresso Nacional.<br \/>\n\u201cEu fico tranquilo porque sempre votei a favor das fam\u00edlias e nos princ\u00edpios crist\u00e3os. [\u2026] Sou um pol\u00edtico que nunca me abstive de vota\u00e7\u00e3o ou voto sim ou n\u00e3o e neste caso, se buscarem nos arquivos do Congresso Nacional, eu sempre votei do jeito que voc\u00eas gostariam que eu votasse\u201d, disse Vicentinho aos pastores.<br \/>\nO presidente da Igreja Assembleia de Deus de Gurupi, Jo\u00e3o Feitosa, justificou que o apoio \u00e0 candidatura de Vicentinho ao governo ocorreu depois de muito di\u00e1logo dele como o pastor Amarildo Martins e teve como peso o compromisso do candidato com a fam\u00edlia tradicional inserido dentro dos princ\u00edpios e valores que a Igreja defende, citando exemplos como as campanhas contra o aborto e casamento de pessoas com o mesmo sexo.<br \/>\n\u201cEu disse que n\u00f3s precisamos caminhar junto, todos os pastores das Assembleias de Deus dos 139 munic\u00edpios nesta elei\u00e7\u00e3o suplementar e na elei\u00e7\u00e3o de outubro tamb\u00e9m. Depois de avaliar todos os nomes bons e de conversar com todos os candidatos eu conversei com senador Vicentinho eu disse que era o nome mais alinhado com os nossos princ\u00edpios e com os nossos valores e com as demandas do nosso segmento, porque n\u00f3s temos atua\u00e7\u00f5es na \u00e1rea educacional, social e temos uma s\u00e9rie de demandas que precisamos dar continuidade e prestar servi\u00e7o \u00e0 comunidade e por isso eu penso que o nome que mais se alinha neste momento \u00e9 o do senador Vicentinho\u201d, disse o pastor.<br \/>\nO presidente das Assembleia de Deus, pastor Amarildo Martins convocou todos os pastores a defenderem a campanha de Vicentinho Alves.<br \/>\n\u201cN\u00f3s n\u00e3o podemos pedir votos dentro da igreja e viemos aqui para pedir cada um dos irm\u00e3os o apoio de forma direta, falando nomeando dentro da sua congrega\u00e7\u00e3o e levando um santinho do Vicentinho\u201d, disse o pastor.<br \/>\nEle lembrou da conviv\u00eancia com Vicentinho durante os \u00faltimos 29 anos e lembrou de fatos quando os dois fizeram dobradinha pol\u00edtica na regi\u00e3o sudeste do Tocantins.<br \/>\n\u201cSe tem uma pessoa que gosta de pagar contas esta pessoa sou eu, mas toda as vezes que eu ia pagar minhas contas de campanha este mo\u00e7o (Vicentinho) j\u00e1 tinha mandado o Zuzinha ir l\u00e1 pagar conta na minha frente. Isso \u00e9 muito dif\u00edcil no mundo pol\u00edtico\u201d, disse o pastor.<\/p>\n<p>(Com informa\u00e7\u00f5es do atitude).<\/p>\n<p>&nbsp;<\/p>\n","protected":false},"excerpt":{"rendered":"<p>O candidato da coliga\u00e7\u00e3o A vez dos tocantinenses, Vicentinho Alves (PR), cumpriu intensa agenda em Gurupi nesta segunda-feira, 14, organizada e coordenada pela deputada federal Josi Nunes. As atividades come\u00e7aram \u00e0s 6h30, com uma visita ao Matadouro Municipal, onde conversou com os propriet\u00e1rios e funcion\u00e1rios. \u00c0s 7h30 fez uma apresenta\u00e7\u00e3o sucinta de seu programa emergencial [&hellip;]<\/p>\n","protected":false},"author":2,"featured_media":143,"comment_status":"open","ping_status":"open","sticky":false,"template":"","format":"standard","meta":[],"categories":[2,4],"tags":[],"_links":{"self":[{"href":"https:\/\/dgospel.com.br\/portal\/index.php\/wp-json\/wp\/v2\/posts\/142"}],"collection":[{"href":"https:\/\/dgospel.com.br\/portal\/index.php\/wp-json\/wp\/v2\/posts"}],"about":[{"href":"https:\/\/dgospel.com.br\/portal\/index.php\/wp-json\/wp\/v2\/types\/post"}],"author":[{"embeddable":true,"href":"https:\/\/dgospel.com.br\/portal\/index.php\/wp-json\/wp\/v2\/users\/2"}],"replies":[{"embeddable":true,"href":"https:\/\/dgospel.com.br\/portal\/index.php\/wp-json\/wp\/v2\/comments?post=142"}],"version-history":[{"count":1,"href":"https:\/\/dgospel.com.br\/portal\/index.php\/wp-json\/wp\/v2\/posts\/142\/revisions"}],"predecessor-version":[{"id":144,"href":"https:\/\/dgospel.com.br\/portal\/index.php\/wp-json\/wp\/v2\/posts\/142\/revisions\/144"}],"wp:featuredmedia":[{"embeddable":true,"href":"https:\/\/dgospel.com.br\/portal\/index.php\/wp-json\/wp\/v2\/media\/143"}],"wp:attachment":[{"href":"https:\/\/dgospel.com.br\/portal\/index.php\/wp-json\/wp\/v2\/media?parent=142"}],"wp:term":[{"taxonomy":"category","embeddable":true,"href":"https:\/\/dgospel.com.br\/portal\/index.php\/wp-json\/wp\/v2\/categories?post=142"},{"taxonomy":"post_tag","embeddable":true,"href":"https:\/\/dgospel.com.br\/portal\/index.php\/wp-json\/wp\/v2\/tags?post=142"}],"curies":[{"name":"wp","href":"https:\/\/api.w.org\/{rel}","templated":true}]}}