{"id":14200,"date":"2023-01-06T12:03:42","date_gmt":"2023-01-06T15:03:42","guid":{"rendered":"http:\/\/dgospel.com.br\/portal\/?p=14200"},"modified":"2023-01-06T12:03:43","modified_gmt":"2023-01-06T15:03:43","slug":"plenario-da-camara-aprovou-271-propostas-em-2022-confira-os-principais-temas-votados","status":"publish","type":"post","link":"https:\/\/dgospel.com.br\/portal\/index.php\/2023\/01\/06\/plenario-da-camara-aprovou-271-propostas-em-2022-confira-os-principais-temas-votados\/","title":{"rendered":"Plen\u00e1rio da C\u00e2mara aprovou 271 propostas em 2022; confira os principais temas votados"},"content":{"rendered":"\n<p>A C\u00e2mara dos Deputados aprovou, em 2022, 15 propostas de emenda \u00e0 Constitui\u00e7\u00e3o (PEC), como a que permitir\u00e1 ao novo governo aumentar em R$ 145 bilh\u00f5es o teto de gastos no Or\u00e7amento de 2023 para bancar despesas sociais e investir at\u00e9 R$ 22,9 bilh\u00f5es do super\u00e1vit financeiro por fora desse teto (PEC 32\/22), que dever\u00e1 ser revisto por projeto de lei complementar. A PEC foi promulgada como <a href=\"https:\/\/www2.camara.leg.br\/legin\/fed\/emecon\/2022\/emendaconstitucional-126-21-dezembro-2022-793528-norma-pl.html\">Emenda Constitucional 126<\/a>.<\/p>\n\n\n\n<p>A disparada dos pre\u00e7os dos combust\u00edveis tamb\u00e9m provocou respostas do Parlamento, como para impedir a cobran\u00e7a do ICMS em patamares iguais aos incidentes sobre produtos sup\u00e9rfluos.<\/p>\n\n\n\n<p>Para microempreendedores, o Plen\u00e1rio aprovou um programa de microcr\u00e9dito digital, a fim de emprestar valores de R$ 1,5 mil a pessoas f\u00edsicas ou de R$ 4,5 mil aos microempreendedores individuais (MEI). A proposta foi transformada na <a href=\"https:\/\/www2.camara.leg.br\/legin\/fed\/lei\/2022\/lei-14438-24-agosto-2022-793146-norma-pl.html\">Lei 14.438\/22<\/a>.<\/p>\n\n\n\n<p>Neste ano, foram aprovados em Plen\u00e1rio 101 projetos de lei, 54 medidas provis\u00f3rias, 39 projetos de decreto legislativo, 15 propostas de emendas \u00e0 Constitui\u00e7\u00e3o, 8 projetos de lei complementar e 8 projetos de resolu\u00e7\u00e3o. Al\u00e9m disso, a Comiss\u00e3o de Constitui\u00e7\u00e3o e Justi\u00e7a (CCJ) aprovou, em car\u00e1ter conclusivo, 93 projetos de lei.<\/p>\n\n\n\n<figure class=\"wp-block-image size-full\"><img loading=\"lazy\" width=\"676\" height=\"505\" src=\"http:\/\/dgospel.com.br\/portal\/wp-content\/uploads\/2023\/01\/0000000000000000000000.jpg\" alt=\"\" class=\"wp-image-14201\" srcset=\"https:\/\/dgospel.com.br\/portal\/wp-content\/uploads\/2023\/01\/0000000000000000000000.jpg 676w, https:\/\/dgospel.com.br\/portal\/wp-content\/uploads\/2023\/01\/0000000000000000000000-300x224.jpg 300w\" sizes=\"(max-width: 676px) 100vw, 676px\" \/><\/figure>\n\n\n\n<p><strong>Viol\u00eancia na escola<\/strong><br>Quanto \u00e0 viol\u00eancia no ambiente escolar, a C\u00e2mara aprovou a cria\u00e7\u00e3o do Sistema Nacional de Acompanhamento e Combate \u00e0 Viol\u00eancia nas Escolas (Snave) para prestar apoio psicossocial a membros da comunidade escolar v\u00edtimas de viol\u00eancia nas escolas ou em seu entorno (<a href=\"https:\/\/www.camara.leg.br\/noticias\/925808-CAMARA-APROVA-PROJETO-DE-COMBATE-A-VIOLENCIA-NAS-ESCOLAS\">PL 1372\/22<\/a>). A proposta aguarda an\u00e1lise do Senado Federal.<\/p>\n\n\n\n<p>Para coibir a atua\u00e7\u00e3o do chamado &#8220;novo canga\u00e7o&#8221;, quando grupos criminosos fortemente armados invadem cidades, projeto aprovado pune esse crime com reclus\u00e3o de 15 a 30 anos (<a href=\"https:\/\/www.camara.leg.br\/noticias\/901340-CAMARA-APROVA-MEDIDAS-PARA-COMBATER-E-PUNIR-NOVO-CANGACO\">PL 5365\/20<\/a>). A proposta aguarda an\u00e1lise do Senado Federal.<\/p>\n\n\n\n<p>A C\u00e2mara tamb\u00e9m estabeleceu medidas protetivas semelhantes \u00e0s da <a href=\"https:\/\/www2.camara.leg.br\/legin\/fed\/lei\/2006\/lei-11340-7-agosto-2006-545133-norma-pl.html\">Lei Maria da Penha<\/a> com o objetivo de proteger crian\u00e7as que sofrem viol\u00eancia dom\u00e9stica e familiar. O texto tamb\u00e9m considera crime hediondo o assassinato de crian\u00e7as e adolescentes menores de 14 anos. <a href=\"https:\/\/www.camara.leg.br\/noticias\/879487-ENTRA-EM-VIGOR-A-LEI-HENRY-BOREL,-QUE-PREVE-MEDIDAS-PROTETIVAS-A-CRIANCAS-VITIMAS-DE-VIOLENCIA-DOMESTICA\">A proposta foi transformada em lei e batizada de Lei Henry Borel.<\/a><\/p>\n\n\n\n<p><strong>Telessa\u00fade<\/strong><br>Resultante da experi\u00eancia provocada pela pandemia de Covid-19, <a href=\"https:\/\/www.camara.leg.br\/noticias\/928169-camara-aprova-projeto-que-regulamenta-telessaude-acompanhe\/\">a telessa\u00fade foi regulamentada pela C\u00e2mara<\/a>, permitindo-se seu uso por todos os profissionais de sa\u00fade.<\/p>\n\n\n\n<p>Na preven\u00e7\u00e3o do sofrimento ps\u00edquico, projeto aprovado prev\u00ea que tanto escolas quanto unidades de sa\u00fade ficar\u00e3o obrigadas a notificar sobre os casos de automutila\u00e7\u00e3o de alunos, crian\u00e7as e adolescentes.<\/p>\n\n\n\n<p><strong>Enfermagem<\/strong><br>E, para tentar viabilizar o pagamento do piso da enfermagem suspenso pelo Supremo Tribunal Federal (STF), o <a href=\"https:\/\/www.camara.leg.br\/noticias\/871744-DEPUTADOS-APROVAM-PROJETO-QUE-CRIA-PISO-SALARIAL-DA-ENFERMAGEM\">Plen\u00e1rio aprovou emenda constitucional<\/a> permitindo o uso de dinheiro de fundos do Executivo para ajudar estados e munic\u00edpios a implantar esse piso de R$ 4.750. <a href=\"https:\/\/www.camara.leg.br\/noticias\/931286-congresso-promulga-emenda-constitucional-que-viabiliza-pagamento-do-piso-da-enfermagem\/\">A medida foi promulgada pelo Congresso Nacional<\/a>.<\/p>\n\n\n\n<p>Fonte: Ag\u00eancia C\u00e2mara de Not\u00edcias<\/p>\n","protected":false},"excerpt":{"rendered":"<p>A C\u00e2mara dos Deputados aprovou, em 2022, 15 propostas de emenda \u00e0 Constitui\u00e7\u00e3o (PEC), como a que permitir\u00e1 ao novo governo aumentar em R$ 145 bilh\u00f5es o teto de gastos no Or\u00e7amento de 2023 para bancar despesas sociais e investir at\u00e9 R$ 22,9 bilh\u00f5es do super\u00e1vit financeiro por fora desse teto (PEC 32\/22), que dever\u00e1 [&hellip;]<\/p>\n","protected":false},"author":2,"featured_media":14202,"comment_status":"open","ping_status":"open","sticky":false,"template":"","format":"standard","meta":[],"categories":[8],"tags":[],"_links":{"self":[{"href":"https:\/\/dgospel.com.br\/portal\/index.php\/wp-json\/wp\/v2\/posts\/14200"}],"collection":[{"href":"https:\/\/dgospel.com.br\/portal\/index.php\/wp-json\/wp\/v2\/posts"}],"about":[{"href":"https:\/\/dgospel.com.br\/portal\/index.php\/wp-json\/wp\/v2\/types\/post"}],"author":[{"embeddable":true,"href":"https:\/\/dgospel.com.br\/portal\/index.php\/wp-json\/wp\/v2\/users\/2"}],"replies":[{"embeddable":true,"href":"https:\/\/dgospel.com.br\/portal\/index.php\/wp-json\/wp\/v2\/comments?post=14200"}],"version-history":[{"count":1,"href":"https:\/\/dgospel.com.br\/portal\/index.php\/wp-json\/wp\/v2\/posts\/14200\/revisions"}],"predecessor-version":[{"id":14203,"href":"https:\/\/dgospel.com.br\/portal\/index.php\/wp-json\/wp\/v2\/posts\/14200\/revisions\/14203"}],"wp:featuredmedia":[{"embeddable":true,"href":"https:\/\/dgospel.com.br\/portal\/index.php\/wp-json\/wp\/v2\/media\/14202"}],"wp:attachment":[{"href":"https:\/\/dgospel.com.br\/portal\/index.php\/wp-json\/wp\/v2\/media?parent=14200"}],"wp:term":[{"taxonomy":"category","embeddable":true,"href":"https:\/\/dgospel.com.br\/portal\/index.php\/wp-json\/wp\/v2\/categories?post=14200"},{"taxonomy":"post_tag","embeddable":true,"href":"https:\/\/dgospel.com.br\/portal\/index.php\/wp-json\/wp\/v2\/tags?post=14200"}],"curies":[{"name":"wp","href":"https:\/\/api.w.org\/{rel}","templated":true}]}}