{"id":14204,"date":"2023-01-09T10:28:02","date_gmt":"2023-01-09T13:28:02","guid":{"rendered":"http:\/\/dgospel.com.br\/portal\/?p=14204"},"modified":"2023-01-09T10:28:04","modified_gmt":"2023-01-09T13:28:04","slug":"bolsonaro-repudia-atos-de-vandalismo-e-acusacoes-sem-provas-de-lu","status":"publish","type":"post","link":"https:\/\/dgospel.com.br\/portal\/index.php\/2023\/01\/09\/bolsonaro-repudia-atos-de-vandalismo-e-acusacoes-sem-provas-de-lu\/","title":{"rendered":"Bolsonaro repudia atos de vandalismo e acusa\u00e7\u00f5es, sem provas, de Lu"},"content":{"rendered":"\n<p>O agora ex-presidente Jair Bolsonaro (PL) se manifestou a respeito das manifesta\u00e7\u00f5es que culminaram na invas\u00e3o do Congresso Nacional, STF e Pal\u00e1cio do Planalto. O conservador afirmou que esse tipo de ato foge totalmente a regra e s\u00e3o caracter\u00edsticos da esquerda.<\/p>\n\n\n\n<p>Em uma sequ\u00eancia de publica\u00e7\u00f5es, Bolsonaro tamb\u00e9m repudiou as falas de Lula (PT) que o chamou de genocida durante seu pronunciamento, al\u00e9m de acus\u00e1-lo de incentivar atos violentos.<\/p>\n\n\n\n<p><\/p>\n\n\n\n<figure class=\"wp-block-image size-full\"><img loading=\"lazy\" width=\"523\" height=\"335\" src=\"http:\/\/dgospel.com.br\/portal\/wp-content\/uploads\/2023\/01\/00-1.jpg\" alt=\"\" class=\"wp-image-14205\" srcset=\"https:\/\/dgospel.com.br\/portal\/wp-content\/uploads\/2023\/01\/00-1.jpg 523w, https:\/\/dgospel.com.br\/portal\/wp-content\/uploads\/2023\/01\/00-1-300x192.jpg 300w, https:\/\/dgospel.com.br\/portal\/wp-content\/uploads\/2023\/01\/00-1-120x78.jpg 120w\" sizes=\"(max-width: 523px) 100vw, 523px\" \/><\/figure>\n\n\n\n<p><\/p>\n\n\n\n<figure class=\"wp-block-image size-full\"><img loading=\"lazy\" width=\"546\" height=\"300\" src=\"http:\/\/dgospel.com.br\/portal\/wp-content\/uploads\/2023\/01\/0000.jpg\" alt=\"\" class=\"wp-image-14206\" srcset=\"https:\/\/dgospel.com.br\/portal\/wp-content\/uploads\/2023\/01\/0000.jpg 546w, https:\/\/dgospel.com.br\/portal\/wp-content\/uploads\/2023\/01\/0000-300x165.jpg 300w\" sizes=\"(max-width: 546px) 100vw, 546px\" \/><\/figure>\n\n\n\n<p><\/p>\n","protected":false},"excerpt":{"rendered":"<p>O agora ex-presidente Jair Bolsonaro (PL) se manifestou a respeito das manifesta\u00e7\u00f5es que culminaram na invas\u00e3o do Congresso Nacional, STF e Pal\u00e1cio do Planalto. O conservador afirmou que esse tipo de ato foge totalmente a regra e s\u00e3o caracter\u00edsticos da esquerda. Em uma sequ\u00eancia de publica\u00e7\u00f5es, Bolsonaro tamb\u00e9m repudiou as falas de Lula (PT) que [&hellip;]<\/p>\n","protected":false},"author":2,"featured_media":14207,"comment_status":"open","ping_status":"open","sticky":false,"template":"","format":"standard","meta":[],"categories":[4],"tags":[],"_links":{"self":[{"href":"https:\/\/dgospel.com.br\/portal\/index.php\/wp-json\/wp\/v2\/posts\/14204"}],"collection":[{"href":"https:\/\/dgospel.com.br\/portal\/index.php\/wp-json\/wp\/v2\/posts"}],"about":[{"href":"https:\/\/dgospel.com.br\/portal\/index.php\/wp-json\/wp\/v2\/types\/post"}],"author":[{"embeddable":true,"href":"https:\/\/dgospel.com.br\/portal\/index.php\/wp-json\/wp\/v2\/users\/2"}],"replies":[{"embeddable":true,"href":"https:\/\/dgospel.com.br\/portal\/index.php\/wp-json\/wp\/v2\/comments?post=14204"}],"version-history":[{"count":1,"href":"https:\/\/dgospel.com.br\/portal\/index.php\/wp-json\/wp\/v2\/posts\/14204\/revisions"}],"predecessor-version":[{"id":14208,"href":"https:\/\/dgospel.com.br\/portal\/index.php\/wp-json\/wp\/v2\/posts\/14204\/revisions\/14208"}],"wp:featuredmedia":[{"embeddable":true,"href":"https:\/\/dgospel.com.br\/portal\/index.php\/wp-json\/wp\/v2\/media\/14207"}],"wp:attachment":[{"href":"https:\/\/dgospel.com.br\/portal\/index.php\/wp-json\/wp\/v2\/media?parent=14204"}],"wp:term":[{"taxonomy":"category","embeddable":true,"href":"https:\/\/dgospel.com.br\/portal\/index.php\/wp-json\/wp\/v2\/categories?post=14204"},{"taxonomy":"post_tag","embeddable":true,"href":"https:\/\/dgospel.com.br\/portal\/index.php\/wp-json\/wp\/v2\/tags?post=14204"}],"curies":[{"name":"wp","href":"https:\/\/api.w.org\/{rel}","templated":true}]}}