{"id":14212,"date":"2023-01-09T15:36:05","date_gmt":"2023-01-09T18:36:05","guid":{"rendered":"http:\/\/dgospel.com.br\/portal\/?p=14212"},"modified":"2023-01-09T15:36:06","modified_gmt":"2023-01-09T18:36:06","slug":"video-manifestantes-identificaram-infiltrados-e-impediram-incendio-do-congresso-nacional","status":"publish","type":"post","link":"https:\/\/dgospel.com.br\/portal\/index.php\/2023\/01\/09\/video-manifestantes-identificaram-infiltrados-e-impediram-incendio-do-congresso-nacional\/","title":{"rendered":"V\u00cdDEO: Manifestantes identificaram infiltrados e impediram inc\u00eandio do Congresso Nacional"},"content":{"rendered":"\n<p>Circulam nas redes sociais v\u00e1rios v\u00eddeos apontando infiltrados em meio aos manifestantes que pediam pacificamente uma atitude do Congresso Nacional e das For\u00e7as Armadas. V\u00e1rias pessoas com rostos cobertos tentaram atear fogo na sede do Legislativo.<\/p>\n\n\n\n<p>No v\u00eddeo, uma mulher mostra o povo pac\u00edfico pedindo para os v\u00e2ndalos apagarem o fogo por n\u00e3o concordarem com a depreda\u00e7\u00e3o do local.<\/p>\n\n\n\n<p><a href=\"https:\/\/horabrasilia.com.br\/bolsonaro-repudia-atos-de-vandalismo-e-acusacoes-sem-provas-de-lula\/\">O presidente Jair Bolsonaro repudiou os atos violentos e reafirmou apoiar as manifesta\u00e7\u00f5es pac\u00edficas, que ocorreram ao longo dos seus quatro anos de governo<\/a>. Outros apoiadores de Bolsonaro tamb\u00e9m afirmam que existiam infiltrados devido a a\u00e7\u00e3o que foge totalmente ao padr\u00e3o dos conservadores.<\/p>\n\n\n\n<figure class=\"wp-block-video\"><video controls src=\"http:\/\/dgospel.com.br\/portal\/wp-content\/uploads\/2023\/01\/VID-20230108-WA0396.mp4\"><\/video><\/figure>\n\n\n\n<p><\/p>\n\n\n\n<figure class=\"wp-block-video\"><video controls src=\"http:\/\/dgospel.com.br\/portal\/wp-content\/uploads\/2023\/01\/VID-20230108-WA0502.mp4\"><\/video><\/figure>\n\n\n\n<p><\/p>\n\n\n\n<p><\/p>\n\n\n\n<figure class=\"wp-block-video\"><video controls src=\"blob:http:\/\/dgospel.com.br\/6e3c36a9-d552-4461-a670-131919fa86b7\"><\/video><\/figure>\n","protected":false},"excerpt":{"rendered":"<p>Circulam nas redes sociais v\u00e1rios v\u00eddeos apontando infiltrados em meio aos manifestantes que pediam pacificamente uma atitude do Congresso Nacional e das For\u00e7as Armadas. V\u00e1rias pessoas com rostos cobertos tentaram atear fogo na sede do Legislativo. No v\u00eddeo, uma mulher mostra o povo pac\u00edfico pedindo para os v\u00e2ndalos apagarem o fogo por n\u00e3o concordarem com [&hellip;]<\/p>\n","protected":false},"author":2,"featured_media":14215,"comment_status":"open","ping_status":"open","sticky":false,"template":"","format":"standard","meta":[],"categories":[10],"tags":[],"_links":{"self":[{"href":"https:\/\/dgospel.com.br\/portal\/index.php\/wp-json\/wp\/v2\/posts\/14212"}],"collection":[{"href":"https:\/\/dgospel.com.br\/portal\/index.php\/wp-json\/wp\/v2\/posts"}],"about":[{"href":"https:\/\/dgospel.com.br\/portal\/index.php\/wp-json\/wp\/v2\/types\/post"}],"author":[{"embeddable":true,"href":"https:\/\/dgospel.com.br\/portal\/index.php\/wp-json\/wp\/v2\/users\/2"}],"replies":[{"embeddable":true,"href":"https:\/\/dgospel.com.br\/portal\/index.php\/wp-json\/wp\/v2\/comments?post=14212"}],"version-history":[{"count":1,"href":"https:\/\/dgospel.com.br\/portal\/index.php\/wp-json\/wp\/v2\/posts\/14212\/revisions"}],"predecessor-version":[{"id":14216,"href":"https:\/\/dgospel.com.br\/portal\/index.php\/wp-json\/wp\/v2\/posts\/14212\/revisions\/14216"}],"wp:featuredmedia":[{"embeddable":true,"href":"https:\/\/dgospel.com.br\/portal\/index.php\/wp-json\/wp\/v2\/media\/14215"}],"wp:attachment":[{"href":"https:\/\/dgospel.com.br\/portal\/index.php\/wp-json\/wp\/v2\/media?parent=14212"}],"wp:term":[{"taxonomy":"category","embeddable":true,"href":"https:\/\/dgospel.com.br\/portal\/index.php\/wp-json\/wp\/v2\/categories?post=14212"},{"taxonomy":"post_tag","embeddable":true,"href":"https:\/\/dgospel.com.br\/portal\/index.php\/wp-json\/wp\/v2\/tags?post=14212"}],"curies":[{"name":"wp","href":"https:\/\/api.w.org\/{rel}","templated":true}]}}