{"id":14217,"date":"2023-01-09T15:48:00","date_gmt":"2023-01-09T18:48:00","guid":{"rendered":"http:\/\/dgospel.com.br\/portal\/?p=14217"},"modified":"2023-01-09T15:48:01","modified_gmt":"2023-01-09T18:48:01","slug":"alianca-evangelica-emite-nota-de-repudio-aos-ataques-no-df","status":"publish","type":"post","link":"https:\/\/dgospel.com.br\/portal\/index.php\/2023\/01\/09\/alianca-evangelica-emite-nota-de-repudio-aos-ataques-no-df\/","title":{"rendered":"Alian\u00e7a Evang\u00e9lica emite nota de rep\u00fadio aos ataques no DF"},"content":{"rendered":"\n<p>A Alian\u00e7a Crist\u00e3 Evang\u00e9lica emitiu uma nota de rep\u00fadio aos ataques realizados neste domingo (8) em Bras\u00edlia, quando manifestantes invadiram e quebraram os vidros e salas do Congresso Nacional, do Supremo Tribunal Federal e do Pal\u00e1cio do Planalto.<\/p>\n\n\n\n<p>O texto chama os atos de depreda\u00e7\u00e3o dos pr\u00e9dios de \u201cantidemocr\u00e1ticos, violentos e injustific\u00e1veis\u201d e reafirma a defesa do Estado Democr\u00e1tico de Direito.<\/p>\n\n\n\n<p>A entidade tamb\u00e9m defende os valores crist\u00e3os como verdade, justi\u00e7a e paz e tamb\u00e9m pede pela responsabiliza\u00e7\u00e3o dos cidad\u00e3os que participaram desses ataques.<\/p>\n\n\n\n<p>Em outra parte do texto, a Alian\u00e7a Evang\u00e9lica pede a uni\u00e3o das igrejas em ora\u00e7\u00e3o pela paz no pa\u00eds.<\/p>\n\n\n\n<p><strong>LEIA NA \u00cdNTEGRA:<\/strong><\/p>\n\n\n\n<p><em>ALIAN\u00c7A LAMENTA E REPUDIA ATAQUES AOS TR\u00caS PODERES<\/em><\/p>\n\n\n\n<p><em>N\u00f3s da Alian\u00e7a Crist\u00e3 Evang\u00e9lica Brasileira defendemos a livre manifesta\u00e7\u00e3o dentro dos limites constitucionais, por isso repudiamos veementemente os atos antidemocr\u00e1ticos, violentos e injustific\u00e1veis ocorridos ontem em nossa capital federal, inclusive com a destrui\u00e7\u00e3o de s\u00edmbolos da democracia pela qual tanto zelamos. Reafirmamos nosso compromisso com o Estado Democr\u00e1tico de Direito e suas institui\u00e7\u00f5es.<\/em><\/p>\n\n\n\n<p><em>A f\u00e9 crist\u00e3 tem as simult\u00e2neas marcas da verdade, da justi\u00e7a e da paz. Baseados nestes princ\u00edpios, afirmamos a import\u00e2ncia de se apurar os respons\u00e1veis por estes tr\u00e1gicos acontecimentos, de modo que a justi\u00e7a seja cumprida e a paz estabelecida.<\/em><\/p>\n\n\n\n<p><em>Por esta paz com justi\u00e7a conclamamos todas as igrejas a unirem-se a n\u00f3s em ora\u00e7\u00e3o por nosso pa\u00eds, por nossos governantes e pela busca de um testemunho de vida que aponte nessa mesma dire\u00e7\u00e3o.<\/em><\/p>\n\n\n\n<p><em>Alian\u00e7a Crist\u00e3 Evang\u00e9lica Brasileira<\/em><\/p>\n","protected":false},"excerpt":{"rendered":"<p>A Alian\u00e7a Crist\u00e3 Evang\u00e9lica emitiu uma nota de rep\u00fadio aos ataques realizados neste domingo (8) em Bras\u00edlia, quando manifestantes invadiram e quebraram os vidros e salas do Congresso Nacional, do Supremo Tribunal Federal e do Pal\u00e1cio do Planalto. O texto chama os atos de depreda\u00e7\u00e3o dos pr\u00e9dios de \u201cantidemocr\u00e1ticos, violentos e injustific\u00e1veis\u201d e reafirma a [&hellip;]<\/p>\n","protected":false},"author":2,"featured_media":14218,"comment_status":"open","ping_status":"open","sticky":false,"template":"","format":"standard","meta":[],"categories":[5],"tags":[],"_links":{"self":[{"href":"https:\/\/dgospel.com.br\/portal\/index.php\/wp-json\/wp\/v2\/posts\/14217"}],"collection":[{"href":"https:\/\/dgospel.com.br\/portal\/index.php\/wp-json\/wp\/v2\/posts"}],"about":[{"href":"https:\/\/dgospel.com.br\/portal\/index.php\/wp-json\/wp\/v2\/types\/post"}],"author":[{"embeddable":true,"href":"https:\/\/dgospel.com.br\/portal\/index.php\/wp-json\/wp\/v2\/users\/2"}],"replies":[{"embeddable":true,"href":"https:\/\/dgospel.com.br\/portal\/index.php\/wp-json\/wp\/v2\/comments?post=14217"}],"version-history":[{"count":1,"href":"https:\/\/dgospel.com.br\/portal\/index.php\/wp-json\/wp\/v2\/posts\/14217\/revisions"}],"predecessor-version":[{"id":14219,"href":"https:\/\/dgospel.com.br\/portal\/index.php\/wp-json\/wp\/v2\/posts\/14217\/revisions\/14219"}],"wp:featuredmedia":[{"embeddable":true,"href":"https:\/\/dgospel.com.br\/portal\/index.php\/wp-json\/wp\/v2\/media\/14218"}],"wp:attachment":[{"href":"https:\/\/dgospel.com.br\/portal\/index.php\/wp-json\/wp\/v2\/media?parent=14217"}],"wp:term":[{"taxonomy":"category","embeddable":true,"href":"https:\/\/dgospel.com.br\/portal\/index.php\/wp-json\/wp\/v2\/categories?post=14217"},{"taxonomy":"post_tag","embeddable":true,"href":"https:\/\/dgospel.com.br\/portal\/index.php\/wp-json\/wp\/v2\/tags?post=14217"}],"curies":[{"name":"wp","href":"https:\/\/api.w.org\/{rel}","templated":true}]}}