{"id":14223,"date":"2023-01-09T15:55:53","date_gmt":"2023-01-09T18:55:53","guid":{"rendered":"http:\/\/dgospel.com.br\/portal\/?p=14223"},"modified":"2023-01-09T15:55:54","modified_gmt":"2023-01-09T18:55:54","slug":"bolsonaro-e-internado-com-fortes-dores-em-hospital-da-florida","status":"publish","type":"post","link":"https:\/\/dgospel.com.br\/portal\/index.php\/2023\/01\/09\/bolsonaro-e-internado-com-fortes-dores-em-hospital-da-florida\/","title":{"rendered":"\u00a0Bolsonaro \u00e9 internado com fortes dores em Hospital da Fl\u00f3rida"},"content":{"rendered":"\n<p>O ex-presidente Jair Bolsonaro acaba de ser internado no AdventHealth Celebration, um hospital pr\u00f3ximo a Orlando, na Fl\u00f3rida. Segundo informa\u00e7\u00f5es do jornal O Globo, o ex-mandat\u00e1rio estava com fortes dores abdominais.<\/p>\n\n\n\n<p>Ap\u00f3s a facada sofrida durante a campanha eleitoral em 2018, Bolsonaro foi hospitalizado v\u00e1rias vezes e precisou ser submetido a algumas cirurgias. A \u00faltima interna\u00e7\u00e3o aconteceu em novembro de 2022, no Hospital das For\u00e7as Armadas, em Bras\u00edlia.<\/p>\n\n\n\n<p>Segundo o jornal, ele passou mal durante a madrugada, com fortes dores abdominais, e deu entrada \u00e0s 4h (hor\u00e1rio da Fl\u00f3rida) no hospital para verificar uma poss\u00edvel obstru\u00e7\u00e3o intestinal e ader\u00eancias.<\/p>\n","protected":false},"excerpt":{"rendered":"<p>O ex-presidente Jair Bolsonaro acaba de ser internado no AdventHealth Celebration, um hospital pr\u00f3ximo a Orlando, na Fl\u00f3rida. Segundo informa\u00e7\u00f5es do jornal O Globo, o ex-mandat\u00e1rio estava com fortes dores abdominais. Ap\u00f3s a facada sofrida durante a campanha eleitoral em 2018, Bolsonaro foi hospitalizado v\u00e1rias vezes e precisou ser submetido a algumas cirurgias. A \u00faltima [&hellip;]<\/p>\n","protected":false},"author":2,"featured_media":14224,"comment_status":"open","ping_status":"open","sticky":false,"template":"","format":"standard","meta":[],"categories":[10],"tags":[],"_links":{"self":[{"href":"https:\/\/dgospel.com.br\/portal\/index.php\/wp-json\/wp\/v2\/posts\/14223"}],"collection":[{"href":"https:\/\/dgospel.com.br\/portal\/index.php\/wp-json\/wp\/v2\/posts"}],"about":[{"href":"https:\/\/dgospel.com.br\/portal\/index.php\/wp-json\/wp\/v2\/types\/post"}],"author":[{"embeddable":true,"href":"https:\/\/dgospel.com.br\/portal\/index.php\/wp-json\/wp\/v2\/users\/2"}],"replies":[{"embeddable":true,"href":"https:\/\/dgospel.com.br\/portal\/index.php\/wp-json\/wp\/v2\/comments?post=14223"}],"version-history":[{"count":1,"href":"https:\/\/dgospel.com.br\/portal\/index.php\/wp-json\/wp\/v2\/posts\/14223\/revisions"}],"predecessor-version":[{"id":14225,"href":"https:\/\/dgospel.com.br\/portal\/index.php\/wp-json\/wp\/v2\/posts\/14223\/revisions\/14225"}],"wp:featuredmedia":[{"embeddable":true,"href":"https:\/\/dgospel.com.br\/portal\/index.php\/wp-json\/wp\/v2\/media\/14224"}],"wp:attachment":[{"href":"https:\/\/dgospel.com.br\/portal\/index.php\/wp-json\/wp\/v2\/media?parent=14223"}],"wp:term":[{"taxonomy":"category","embeddable":true,"href":"https:\/\/dgospel.com.br\/portal\/index.php\/wp-json\/wp\/v2\/categories?post=14223"},{"taxonomy":"post_tag","embeddable":true,"href":"https:\/\/dgospel.com.br\/portal\/index.php\/wp-json\/wp\/v2\/tags?post=14223"}],"curies":[{"name":"wp","href":"https:\/\/api.w.org\/{rel}","templated":true}]}}