{"id":14226,"date":"2023-01-09T21:02:32","date_gmt":"2023-01-10T00:02:32","guid":{"rendered":"http:\/\/dgospel.com.br\/portal\/?p=14226"},"modified":"2023-01-09T21:02:33","modified_gmt":"2023-01-10T00:02:33","slug":"marco-aurelio-isenta-bolsonaro-e-culpa-stf-por-voltar-com-lula","status":"publish","type":"post","link":"https:\/\/dgospel.com.br\/portal\/index.php\/2023\/01\/09\/marco-aurelio-isenta-bolsonaro-e-culpa-stf-por-voltar-com-lula\/","title":{"rendered":"Marco Aur\u00e9lio isenta Bolsonaro e culpa STF por voltar com Lula"},"content":{"rendered":"\n<p>O ex-ministro do Supremo Tribunal Federal (STF), Marco Aur\u00e9lio Mello, deu declara\u00e7\u00f5es a respeito dos protestos que ocorreram em Bras\u00edlia (DF), neste domingo (8). Ele disse que esse foi um epis\u00f3dio \u201cmuito pior\u201d que o do Capit\u00f3lio dos EUA, em janeiro de 2021. As informa\u00e7\u00f5es s\u00e3o da coluna de Malu Gaspar, do Jornal O Globo.<\/p>\n\n\n\n<p>\u2013 Estou estarrecido e a \u00fanica indaga\u00e7\u00e3o que fa\u00e7o \u00e9: onde esteve o Estado que n\u00e3o previu isso e n\u00e3o tomou as provid\u00eancias cab\u00edveis? Refiro-me ao Estado como um grande todo, n\u00e3o apenas ao governo do Distrito Federal. \u00c9 algo impens\u00e1vel ter o STF depredado, ter o Congresso Nacional depredado, como ocorreu. Vamos fechar o Brasil para balan\u00e7o. N\u00e3o lembra o Capit\u00f3lio porque foi muito pior do que houve no Capit\u00f3lio. L\u00e1 teve resist\u00eancia. E a repercuss\u00e3o internacional aqui \u00e9 p\u00e9ssima. A inseguran\u00e7a jur\u00eddica \u00e9 total para o Brasil. O que investidor estrangeiro vai pensar disso aqui? Que \u00e9 uma rep\u00fablica das bananas \u2013 comentou.<\/p>\n\n\n\n<p>Nas elei\u00e7\u00f5es de 2022, Mello votou em Ciro Gomes (PDT), no primeiro turno, e em Jair Bolsonaro (PL), no segundo. Em sua avalia\u00e7\u00e3o dos atos registrados no domingo, o ex-ministro n\u00e3o responsabilizou Bolsonaro.<\/p>\n\n\n\n<p>\u2013 Os respons\u00e1veis est\u00e3o no Brasil, no territ\u00f3rio nacional, considerando as for\u00e7as repressivas, as For\u00e7as Armadas. Bolsonaro n\u00e3o tem o dom\u00ednio dessas for\u00e7as que est\u00e3o na rua. Ele n\u00e3o tem culpa, est\u00e1 a quantos quil\u00f4metros daqui? \u2013 declarou.<\/p>\n\n\n\n<p>Bolsonaro est\u00e1 na Fl\u00f3rida desde o dia 30 de dezembro. Ele foi internado nesta segunda-feira (9), em um hospital no estado norte-americano da Fl\u00f3rida, ap\u00f3s sentir dores abdominais. Segundo o colunista Lauro Jardim, do jornal O Globo, Bolsonaro est\u00e1 no AdventHealth Celebration. A informa\u00e7\u00e3o foi confirmada tamb\u00e9m por aliados ao site Metr\u00f3poles.<\/p>\n\n\n\n<p>Ainda a respeito dos protestos em Bras\u00edlia, Marco Aur\u00e9lio Mello disse que \u201cfalhou todo mundo, e come\u00e7ou a falha no pr\u00f3prio STF\u201d.<\/p>\n\n\n\n<p>\u2013 Falhou todo mundo, e come\u00e7ou a falha no pr\u00f3prio STF, quando ressuscitaram politicamente o ex-presidente Lula, dando o dito pelo n\u00e3o dito, quando enterraram a Lava Jato, quando declararam a suspei\u00e7\u00e3o do Sergio Moro, que veio a ser resgatado politicamente pelo estado do Paran\u00e1. O que come\u00e7a errado, n\u00f3s aprendemos quando garotos, n\u00e3o acaba bem.<\/p>\n","protected":false},"excerpt":{"rendered":"<p>O ex-ministro do Supremo Tribunal Federal (STF), Marco Aur\u00e9lio Mello, deu declara\u00e7\u00f5es a respeito dos protestos que ocorreram em Bras\u00edlia (DF), neste domingo (8). Ele disse que esse foi um epis\u00f3dio \u201cmuito pior\u201d que o do Capit\u00f3lio dos EUA, em janeiro de 2021. As informa\u00e7\u00f5es s\u00e3o da coluna de Malu Gaspar, do Jornal O Globo. [&hellip;]<\/p>\n","protected":false},"author":2,"featured_media":14227,"comment_status":"open","ping_status":"open","sticky":false,"template":"","format":"standard","meta":[],"categories":[10],"tags":[],"_links":{"self":[{"href":"https:\/\/dgospel.com.br\/portal\/index.php\/wp-json\/wp\/v2\/posts\/14226"}],"collection":[{"href":"https:\/\/dgospel.com.br\/portal\/index.php\/wp-json\/wp\/v2\/posts"}],"about":[{"href":"https:\/\/dgospel.com.br\/portal\/index.php\/wp-json\/wp\/v2\/types\/post"}],"author":[{"embeddable":true,"href":"https:\/\/dgospel.com.br\/portal\/index.php\/wp-json\/wp\/v2\/users\/2"}],"replies":[{"embeddable":true,"href":"https:\/\/dgospel.com.br\/portal\/index.php\/wp-json\/wp\/v2\/comments?post=14226"}],"version-history":[{"count":1,"href":"https:\/\/dgospel.com.br\/portal\/index.php\/wp-json\/wp\/v2\/posts\/14226\/revisions"}],"predecessor-version":[{"id":14228,"href":"https:\/\/dgospel.com.br\/portal\/index.php\/wp-json\/wp\/v2\/posts\/14226\/revisions\/14228"}],"wp:featuredmedia":[{"embeddable":true,"href":"https:\/\/dgospel.com.br\/portal\/index.php\/wp-json\/wp\/v2\/media\/14227"}],"wp:attachment":[{"href":"https:\/\/dgospel.com.br\/portal\/index.php\/wp-json\/wp\/v2\/media?parent=14226"}],"wp:term":[{"taxonomy":"category","embeddable":true,"href":"https:\/\/dgospel.com.br\/portal\/index.php\/wp-json\/wp\/v2\/categories?post=14226"},{"taxonomy":"post_tag","embeddable":true,"href":"https:\/\/dgospel.com.br\/portal\/index.php\/wp-json\/wp\/v2\/tags?post=14226"}],"curies":[{"name":"wp","href":"https:\/\/api.w.org\/{rel}","templated":true}]}}