{"id":14229,"date":"2023-01-09T23:22:10","date_gmt":"2023-01-10T02:22:10","guid":{"rendered":"http:\/\/dgospel.com.br\/portal\/?p=14229"},"modified":"2023-01-09T23:22:11","modified_gmt":"2023-01-10T02:22:11","slug":"lula-e-flavio-dino-sabiam-o-que-iria-acontecer-e-nao-fizeram-nada-afirma-senador-marcos-do-val","status":"publish","type":"post","link":"https:\/\/dgospel.com.br\/portal\/index.php\/2023\/01\/09\/lula-e-flavio-dino-sabiam-o-que-iria-acontecer-e-nao-fizeram-nada-afirma-senador-marcos-do-val\/","title":{"rendered":"\u201cLula e Fl\u00e1vio Dino sabiam o que iria acontecer e n\u00e3o fizeram nada\u201d, afirma senador Marcos do Val"},"content":{"rendered":"\n<p>O senador Marcos do Val (Podemos-ES), publicou em seu perfil no Twitter que tanto o presidente da Rep\u00fablica quanto o Ministro da Justi\u00e7a tomaram conhecimento dos atos de vandalismo que aconteceram em Bras\u00edlia, no domingo (8), um dia antes, atrav\u00e9s de documento enviado pela ABIN.<\/p>\n\n\n\n<p>Segundo o parlamentar, no momento em que os ataques come\u00e7aram, Fl\u00e1vio Dino olhou pela janela e \u201cn\u00e3o fez nada\u201d. No documento apresentado na publica\u00e7\u00e3o, consta que a Ag\u00eancia Brasileira de Intelig\u00eancia teria enviado um documento para Lula e Dino, alertando sobre o \u201crisco eminente de ataques aos pr\u00e9dios p\u00fablicos localizados na Pra\u00e7a dos Tr\u00eas Poderes\u201d e cobrando quais medidas foram tomadas a respeito.<\/p>\n\n\n\n<p><\/p>\n\n\n\n<figure class=\"wp-block-image size-full\"><img loading=\"lazy\" width=\"543\" height=\"478\" src=\"http:\/\/dgospel.com.br\/portal\/wp-content\/uploads\/2023\/01\/000000.jpg\" alt=\"\" class=\"wp-image-14230\" srcset=\"https:\/\/dgospel.com.br\/portal\/wp-content\/uploads\/2023\/01\/000000.jpg 543w, https:\/\/dgospel.com.br\/portal\/wp-content\/uploads\/2023\/01\/000000-300x264.jpg 300w\" sizes=\"(max-width: 543px) 100vw, 543px\" \/><\/figure>\n\n\n\n<figure class=\"wp-block-image\"><a href=\"https:\/\/horabrasilia.com.br\/wp-content\/uploads\/2023\/01\/whatsapp-image-2023-01-09-at-215214-e1673312832190.jpeg\"><img src=\"https:\/\/horabrasilia.com.br\/wp-content\/uploads\/2023\/01\/whatsapp-image-2023-01-09-at-215214-e1673312832190.jpeg\" alt=\"\" class=\"wp-image-37395\"\/><\/a><\/figure>\n\n\n\n<figure class=\"wp-block-image\"><a href=\"https:\/\/horabrasilia.com.br\/wp-content\/uploads\/2023\/01\/whatsapp-image-2023-01-09-at-215214-1-e1673312848552.jpeg\"><img src=\"https:\/\/horabrasilia.com.br\/wp-content\/uploads\/2023\/01\/whatsapp-image-2023-01-09-at-215214-1-e1673312848552.jpeg\" alt=\"\" class=\"wp-image-37394\"\/><\/a><\/figure>\n\n\n\n<p>Mais cedo, Do Val afirmou que os v\u00e2ndalos foram treinados, que ao analisar os v\u00eddeos, constatou que eles sabiam onde estavam os hidrantes, sabiam como amenizar os efeitos do g\u00e1s lacrimogeneo, entre outras constata\u00e7\u00f5es.<\/p>\n","protected":false},"excerpt":{"rendered":"<p>O senador Marcos do Val (Podemos-ES), publicou em seu perfil no Twitter que tanto o presidente da Rep\u00fablica quanto o Ministro da Justi\u00e7a tomaram conhecimento dos atos de vandalismo que aconteceram em Bras\u00edlia, no domingo (8), um dia antes, atrav\u00e9s de documento enviado pela ABIN. Segundo o parlamentar, no momento em que os ataques come\u00e7aram, [&hellip;]<\/p>\n","protected":false},"author":2,"featured_media":14231,"comment_status":"open","ping_status":"open","sticky":false,"template":"","format":"standard","meta":[],"categories":[4],"tags":[],"_links":{"self":[{"href":"https:\/\/dgospel.com.br\/portal\/index.php\/wp-json\/wp\/v2\/posts\/14229"}],"collection":[{"href":"https:\/\/dgospel.com.br\/portal\/index.php\/wp-json\/wp\/v2\/posts"}],"about":[{"href":"https:\/\/dgospel.com.br\/portal\/index.php\/wp-json\/wp\/v2\/types\/post"}],"author":[{"embeddable":true,"href":"https:\/\/dgospel.com.br\/portal\/index.php\/wp-json\/wp\/v2\/users\/2"}],"replies":[{"embeddable":true,"href":"https:\/\/dgospel.com.br\/portal\/index.php\/wp-json\/wp\/v2\/comments?post=14229"}],"version-history":[{"count":1,"href":"https:\/\/dgospel.com.br\/portal\/index.php\/wp-json\/wp\/v2\/posts\/14229\/revisions"}],"predecessor-version":[{"id":14232,"href":"https:\/\/dgospel.com.br\/portal\/index.php\/wp-json\/wp\/v2\/posts\/14229\/revisions\/14232"}],"wp:featuredmedia":[{"embeddable":true,"href":"https:\/\/dgospel.com.br\/portal\/index.php\/wp-json\/wp\/v2\/media\/14231"}],"wp:attachment":[{"href":"https:\/\/dgospel.com.br\/portal\/index.php\/wp-json\/wp\/v2\/media?parent=14229"}],"wp:term":[{"taxonomy":"category","embeddable":true,"href":"https:\/\/dgospel.com.br\/portal\/index.php\/wp-json\/wp\/v2\/categories?post=14229"},{"taxonomy":"post_tag","embeddable":true,"href":"https:\/\/dgospel.com.br\/portal\/index.php\/wp-json\/wp\/v2\/tags?post=14229"}],"curies":[{"name":"wp","href":"https:\/\/api.w.org\/{rel}","templated":true}]}}