{"id":1423,"date":"2018-09-24T16:24:34","date_gmt":"2018-09-24T19:24:34","guid":{"rendered":"http:\/\/dgospel.com.br\/portal\/?p=1423"},"modified":"2018-09-24T16:24:34","modified_gmt":"2018-09-24T19:24:34","slug":"na-justica-iraja-abreu-e-acusado-de-calote-de-quase-r-5-milhoes","status":"publish","type":"post","link":"https:\/\/dgospel.com.br\/portal\/index.php\/2018\/09\/24\/na-justica-iraja-abreu-e-acusado-de-calote-de-quase-r-5-milhoes\/","title":{"rendered":"Na Justi\u00e7a, Iraj\u00e1 Abreu \u00e9 acusado de calote de quase R$ 5 milh\u00f5es"},"content":{"rendered":"<p class=\"yiv5130778632MsoNormal\">Conhecido como Iraj\u00e1 Abreu, o deputado federal e candidato a senador Iraj\u00e1 Silvestre Filho (PSD) est\u00e1 sendo cobrado na Justi\u00e7a por um calote de quase R$ 5 milh\u00f5es. A a\u00e7\u00e3o, de n\u00famero 0000013-19.2017.827.2736, tramita na Comarca de Ponte Alta do Tocantins e \u00e9 movida por Idoli Prante e Germano Rudi Prante.<\/p>\n<p class=\"yiv5130778632MsoNormal\">Eles cobram a execu\u00e7\u00e3o de t\u00edtulo de R$ 4.896.871,71, referente \u00e0 parte da venda de empresas rurais e fazendas que Iraj\u00e1, segundo a inicial da a\u00e7\u00e3o, n\u00e3o pagou. O contrato foi firmado em 2008 e, depois de muito tempo tentando receber a quantia que estaria sendo devida pelo deputado, Idoli e Germano ingressaram com a a\u00e7\u00e3o na Justi\u00e7a em 2017.<\/p>\n<p class=\"yiv5130778632MsoNormal\">Os nomes dos im\u00f3veis rurais do contrato s\u00e3o: Ponte Alta Agroind\u00fastria da Mandioca; Macaxeira Agroindustrial; V\u00ednicola da Ponta e Agriman Ltda. \u201cDo total ora entabulado entre as partes, foram pagos R$ 791.590,00 (setecentos e noventa e um mil, quinhentos e noventa reais), restando como saldo a receber o importe de R$ 2.123.159,30 (dois milh\u00f5es, cento e vinte um tr\u00eas, cento e cinquenta e nove reais e trinte centavos)\u201d, destaca a inicial da a\u00e7\u00e3o. Esse valor de mais de R$ 2,1 milh\u00f5es \u00e9 o que est\u00e1 sendo cobrado, acrescido de multas, juros e corre\u00e7\u00e3o monet\u00e1ria.<\/p>\n<p class=\"yiv5130778632MsoNormal\">\n<p class=\"yiv5130778632MsoNormal\"><b>Cobran\u00e7as sem sucesso<\/b><\/p>\n<p class=\"yiv5130778632MsoNormal\"><img loading=\"lazy\" class=\"alignnone size-medium wp-image-1425\" src=\"http:\/\/dgospel.com.br\/portal\/wp-content\/uploads\/2018\/09\/thumbnail-30-300x169.jpg\" alt=\"\" width=\"300\" height=\"169\" srcset=\"https:\/\/dgospel.com.br\/portal\/wp-content\/uploads\/2018\/09\/thumbnail-30-300x169.jpg 300w, https:\/\/dgospel.com.br\/portal\/wp-content\/uploads\/2018\/09\/thumbnail-30-768x434.jpg 768w, https:\/\/dgospel.com.br\/portal\/wp-content\/uploads\/2018\/09\/thumbnail-30-1024x579.jpg 1024w, https:\/\/dgospel.com.br\/portal\/wp-content\/uploads\/2018\/09\/thumbnail-30.jpg 1108w\" sizes=\"(max-width: 300px) 100vw, 300px\" \/><\/p>\n<p class=\"yiv5130778632MsoNormal\">Os autores da a\u00e7\u00e3o detalham que tentaram cobrar v\u00e1rias vezes de Iraj\u00e1, mas n\u00e3o tiveram sucesso. \u201cV\u00e1rias foram as tentativas de receber o montante, por\u00e9m at\u00e9 a presente data, o executado n\u00e3o se prontificou a realizar o acerto vencido nos anos de 2010, 2011, 2012 e 2013. Tal retrospectiva se faz necess\u00e1rio para que torne cristalina o pleito dos Exequentes e para que n\u00e3o haja d\u00favidas perante este Ju\u00edzo!\u201d, diz outro trecho da a\u00e7\u00e3o.<\/p>\n<p class=\"yiv5130778632MsoNormal\">A tramita\u00e7\u00e3o do processo ocorre no ju\u00edzo da 1\u00aa Escrivania C\u00edvel de Ponte Alta. Confira anexas a inicial da a\u00e7\u00e3o e a capa do processo no e-proc.<\/p>\n<p><img loading=\"lazy\" class=\"alignnone size-medium wp-image-1424\" src=\"http:\/\/dgospel.com.br\/portal\/wp-content\/uploads\/2018\/09\/download-4-180x300.jpg\" alt=\"\" width=\"180\" height=\"300\" srcset=\"https:\/\/dgospel.com.br\/portal\/wp-content\/uploads\/2018\/09\/download-4-180x300.jpg 180w, https:\/\/dgospel.com.br\/portal\/wp-content\/uploads\/2018\/09\/download-4-614x1024.jpg 614w, https:\/\/dgospel.com.br\/portal\/wp-content\/uploads\/2018\/09\/download-4.jpg 631w\" sizes=\"(max-width: 180px) 100vw, 180px\" \/><\/p>\n","protected":false},"excerpt":{"rendered":"<p>Conhecido como Iraj\u00e1 Abreu, o deputado federal e candidato a senador Iraj\u00e1 Silvestre Filho (PSD) est\u00e1 sendo cobrado na Justi\u00e7a por um calote de quase R$ 5 milh\u00f5es. A a\u00e7\u00e3o, de n\u00famero 0000013-19.2017.827.2736, tramita na Comarca de Ponte Alta do Tocantins e \u00e9 movida por Idoli Prante e Germano Rudi Prante. Eles cobram a execu\u00e7\u00e3o [&hellip;]<\/p>\n","protected":false},"author":2,"featured_media":1426,"comment_status":"open","ping_status":"open","sticky":false,"template":"","format":"standard","meta":[],"categories":[2,4],"tags":[],"_links":{"self":[{"href":"https:\/\/dgospel.com.br\/portal\/index.php\/wp-json\/wp\/v2\/posts\/1423"}],"collection":[{"href":"https:\/\/dgospel.com.br\/portal\/index.php\/wp-json\/wp\/v2\/posts"}],"about":[{"href":"https:\/\/dgospel.com.br\/portal\/index.php\/wp-json\/wp\/v2\/types\/post"}],"author":[{"embeddable":true,"href":"https:\/\/dgospel.com.br\/portal\/index.php\/wp-json\/wp\/v2\/users\/2"}],"replies":[{"embeddable":true,"href":"https:\/\/dgospel.com.br\/portal\/index.php\/wp-json\/wp\/v2\/comments?post=1423"}],"version-history":[{"count":1,"href":"https:\/\/dgospel.com.br\/portal\/index.php\/wp-json\/wp\/v2\/posts\/1423\/revisions"}],"predecessor-version":[{"id":1427,"href":"https:\/\/dgospel.com.br\/portal\/index.php\/wp-json\/wp\/v2\/posts\/1423\/revisions\/1427"}],"wp:featuredmedia":[{"embeddable":true,"href":"https:\/\/dgospel.com.br\/portal\/index.php\/wp-json\/wp\/v2\/media\/1426"}],"wp:attachment":[{"href":"https:\/\/dgospel.com.br\/portal\/index.php\/wp-json\/wp\/v2\/media?parent=1423"}],"wp:term":[{"taxonomy":"category","embeddable":true,"href":"https:\/\/dgospel.com.br\/portal\/index.php\/wp-json\/wp\/v2\/categories?post=1423"},{"taxonomy":"post_tag","embeddable":true,"href":"https:\/\/dgospel.com.br\/portal\/index.php\/wp-json\/wp\/v2\/tags?post=1423"}],"curies":[{"name":"wp","href":"https:\/\/api.w.org\/{rel}","templated":true}]}}