{"id":14233,"date":"2023-01-10T09:40:54","date_gmt":"2023-01-10T12:40:54","guid":{"rendered":"http:\/\/dgospel.com.br\/portal\/?p=14233"},"modified":"2023-01-10T09:40:56","modified_gmt":"2023-01-10T12:40:56","slug":"bolsonaro-lamenta-atos-e-fala-em-antecipar-retorno-ao-brasil","status":"publish","type":"post","link":"https:\/\/dgospel.com.br\/portal\/index.php\/2023\/01\/10\/bolsonaro-lamenta-atos-e-fala-em-antecipar-retorno-ao-brasil\/","title":{"rendered":"Bolsonaro lamenta atos e fala em antecipar retorno ao Brasil"},"content":{"rendered":"\n<p>O ex-presidente&nbsp;<a href=\"http:\/\/pleno.news\/tag\/jair-bolsonaro\" target=\"_blank\" rel=\"noreferrer noopener\">Jair Bolsonaro<\/a>&nbsp;(PL) falou, nesta segunda-feira (9), sobre o problema de sa\u00fade que o fez ser internado em um hospital no estado da Fl\u00f3rida, nos Estados Unidos. \u00c0 CNN Brasil, o ex-chefe do Executivo disse que \u201cest\u00e1 bem\u201d mas que, por conta da sa\u00fade, pretende antecipar sua volta ao&nbsp;<a href=\"http:\/\/pleno.news\/tag\/brasil\" target=\"_blank\" rel=\"noreferrer noopener\">Brasil<\/a>.<\/p>\n\n\n\n<p>\u2013 Eu vim [aos Estados Unidos] para ficar at\u00e9 o final do m\u00eas [de janeiro], mas pretendo antecipar minha volta. Porque, no Brasil, os m\u00e9dicos j\u00e1 sabem do meu problema de obstru\u00e7\u00e3o intestinal por causa da facada. Aqui, os m\u00e9dicos n\u00e3o me acompanharam \u2013 declarou.<\/p>\n\n\n\n<p>Bolsonaro tamb\u00e9m comentou brevemente os atos ocorridos no Brasil no \u00faltimo domingo (8), que resultaram na depreda\u00e7\u00e3o dos pr\u00e9dios do Pal\u00e1cio do Planalto, do Congresso Nacional e do Supremo Tribunal Federal (STF), e chamou o ocorrido de \u201clament\u00e1vel epis\u00f3dio\u201d. O ex-presidente ainda disse que n\u00e3o teve \u201cdias calmos\u201d desde que chegou aos Estados Unidos.<\/p>\n\n\n\n<p>\u2013 Essa j\u00e1 \u00e9 a minha terceira interna\u00e7\u00e3o por obstru\u00e7\u00e3o intestinal grave. Vim passar um tempo fora com a fam\u00edlia. Mas n\u00e3o tive dias calmos. Primeiro, houve esse lament\u00e1vel epis\u00f3dio ontem [domingo] no Brasil e depois essa minha interna\u00e7\u00e3o no hospital \u2013 completou.<\/p>\n","protected":false},"excerpt":{"rendered":"<p>O ex-presidente&nbsp;Jair Bolsonaro&nbsp;(PL) falou, nesta segunda-feira (9), sobre o problema de sa\u00fade que o fez ser internado em um hospital no estado da Fl\u00f3rida, nos Estados Unidos. \u00c0 CNN Brasil, o ex-chefe do Executivo disse que \u201cest\u00e1 bem\u201d mas que, por conta da sa\u00fade, pretende antecipar sua volta ao&nbsp;Brasil. \u2013 Eu vim [aos Estados Unidos] [&hellip;]<\/p>\n","protected":false},"author":2,"featured_media":14234,"comment_status":"open","ping_status":"open","sticky":false,"template":"","format":"standard","meta":[],"categories":[4],"tags":[],"_links":{"self":[{"href":"https:\/\/dgospel.com.br\/portal\/index.php\/wp-json\/wp\/v2\/posts\/14233"}],"collection":[{"href":"https:\/\/dgospel.com.br\/portal\/index.php\/wp-json\/wp\/v2\/posts"}],"about":[{"href":"https:\/\/dgospel.com.br\/portal\/index.php\/wp-json\/wp\/v2\/types\/post"}],"author":[{"embeddable":true,"href":"https:\/\/dgospel.com.br\/portal\/index.php\/wp-json\/wp\/v2\/users\/2"}],"replies":[{"embeddable":true,"href":"https:\/\/dgospel.com.br\/portal\/index.php\/wp-json\/wp\/v2\/comments?post=14233"}],"version-history":[{"count":1,"href":"https:\/\/dgospel.com.br\/portal\/index.php\/wp-json\/wp\/v2\/posts\/14233\/revisions"}],"predecessor-version":[{"id":14235,"href":"https:\/\/dgospel.com.br\/portal\/index.php\/wp-json\/wp\/v2\/posts\/14233\/revisions\/14235"}],"wp:featuredmedia":[{"embeddable":true,"href":"https:\/\/dgospel.com.br\/portal\/index.php\/wp-json\/wp\/v2\/media\/14234"}],"wp:attachment":[{"href":"https:\/\/dgospel.com.br\/portal\/index.php\/wp-json\/wp\/v2\/media?parent=14233"}],"wp:term":[{"taxonomy":"category","embeddable":true,"href":"https:\/\/dgospel.com.br\/portal\/index.php\/wp-json\/wp\/v2\/categories?post=14233"},{"taxonomy":"post_tag","embeddable":true,"href":"https:\/\/dgospel.com.br\/portal\/index.php\/wp-json\/wp\/v2\/tags?post=14233"}],"curies":[{"name":"wp","href":"https:\/\/api.w.org\/{rel}","templated":true}]}}