{"id":14236,"date":"2023-01-10T09:44:03","date_gmt":"2023-01-10T12:44:03","guid":{"rendered":"http:\/\/dgospel.com.br\/portal\/?p=14236"},"modified":"2023-01-10T09:44:04","modified_gmt":"2023-01-10T12:44:04","slug":"abin-informou-ao-governo-do-df-sobre-possiveis-ataques","status":"publish","type":"post","link":"https:\/\/dgospel.com.br\/portal\/index.php\/2023\/01\/10\/abin-informou-ao-governo-do-df-sobre-possiveis-ataques\/","title":{"rendered":"Abin informou ao governo do DF sobre poss\u00edveis ataques"},"content":{"rendered":"\n<p>A possibilidade de depreda\u00e7\u00e3o dos pr\u00e9dios p\u00fablicos na Pra\u00e7a dos Tr\u00eas Poderes foi informada ao governo do Distrito Federal pelos agentes da Ag\u00eancia Brasileira de Intelig\u00eancia (Abin) horas antes dos atos que aconteceram neste domingo (8).<\/p>\n\n\n\n<p>A informa\u00e7\u00e3o foi passada por fontes da Abin para a reportagem da CNN Brasil.<\/p>\n\n\n\n<p>A Abin est\u00e1 vinculada ao Gabinete de Seguran\u00e7a Institucional da Presid\u00eancia da Rep\u00fablica e estava acompanhando os atos que aconteciam na capital federal.<\/p>\n\n\n\n<p>Atrav\u00e9s de alertas, as autoridades locais eram informadas do que estava acontecendo com os patriotas at\u00e9 que um grupo conseguiu furar o bloqueio policial e entrar na Esplanada dos Minist\u00e9rios, alcan\u00e7ando ent\u00e3o a regi\u00e3o onde os poderes Legislativo, Executivo e Judici\u00e1rio est\u00e3o sediados.<\/p>\n\n\n\n<p>Milhares de pessoas tomaram o Congresso Nacional e atos de vandalismo destru\u00edram a vidra\u00e7aria e algumas salas do Pal\u00e1cio do Planalto, Congresso Nacional e Supremo Tribunal Federal.<\/p>\n","protected":false},"excerpt":{"rendered":"<p>A possibilidade de depreda\u00e7\u00e3o dos pr\u00e9dios p\u00fablicos na Pra\u00e7a dos Tr\u00eas Poderes foi informada ao governo do Distrito Federal pelos agentes da Ag\u00eancia Brasileira de Intelig\u00eancia (Abin) horas antes dos atos que aconteceram neste domingo (8). A informa\u00e7\u00e3o foi passada por fontes da Abin para a reportagem da CNN Brasil. A Abin est\u00e1 vinculada ao [&hellip;]<\/p>\n","protected":false},"author":2,"featured_media":14237,"comment_status":"open","ping_status":"open","sticky":false,"template":"","format":"standard","meta":[],"categories":[10],"tags":[],"_links":{"self":[{"href":"https:\/\/dgospel.com.br\/portal\/index.php\/wp-json\/wp\/v2\/posts\/14236"}],"collection":[{"href":"https:\/\/dgospel.com.br\/portal\/index.php\/wp-json\/wp\/v2\/posts"}],"about":[{"href":"https:\/\/dgospel.com.br\/portal\/index.php\/wp-json\/wp\/v2\/types\/post"}],"author":[{"embeddable":true,"href":"https:\/\/dgospel.com.br\/portal\/index.php\/wp-json\/wp\/v2\/users\/2"}],"replies":[{"embeddable":true,"href":"https:\/\/dgospel.com.br\/portal\/index.php\/wp-json\/wp\/v2\/comments?post=14236"}],"version-history":[{"count":1,"href":"https:\/\/dgospel.com.br\/portal\/index.php\/wp-json\/wp\/v2\/posts\/14236\/revisions"}],"predecessor-version":[{"id":14238,"href":"https:\/\/dgospel.com.br\/portal\/index.php\/wp-json\/wp\/v2\/posts\/14236\/revisions\/14238"}],"wp:featuredmedia":[{"embeddable":true,"href":"https:\/\/dgospel.com.br\/portal\/index.php\/wp-json\/wp\/v2\/media\/14237"}],"wp:attachment":[{"href":"https:\/\/dgospel.com.br\/portal\/index.php\/wp-json\/wp\/v2\/media?parent=14236"}],"wp:term":[{"taxonomy":"category","embeddable":true,"href":"https:\/\/dgospel.com.br\/portal\/index.php\/wp-json\/wp\/v2\/categories?post=14236"},{"taxonomy":"post_tag","embeddable":true,"href":"https:\/\/dgospel.com.br\/portal\/index.php\/wp-json\/wp\/v2\/tags?post=14236"}],"curies":[{"name":"wp","href":"https:\/\/api.w.org\/{rel}","templated":true}]}}