{"id":14245,"date":"2023-01-12T23:47:18","date_gmt":"2023-01-13T02:47:18","guid":{"rendered":"http:\/\/dgospel.com.br\/portal\/?p=14245"},"modified":"2023-01-12T23:47:19","modified_gmt":"2023-01-13T02:47:19","slug":"com-mais-de-r100-mil-em-salarios-lula-reclama-que-nunca-neste-pais-o-presidente-da-republica-nao-teve-onde-morar","status":"publish","type":"post","link":"https:\/\/dgospel.com.br\/portal\/index.php\/2023\/01\/12\/com-mais-de-r100-mil-em-salarios-lula-reclama-que-nunca-neste-pais-o-presidente-da-republica-nao-teve-onde-morar\/","title":{"rendered":"Com mais de R$100 mil em sal\u00e1rios, Lula reclama que \u201cnunca neste pa\u00eds o presidente da Rep\u00fablica n\u00e3o teve onde morar\u201d"},"content":{"rendered":"\n<p>Durante um \u201ccaf\u00e9 com jornalistas\u201d em Bras\u00edlia, realizado na manh\u00e3 desta quinta-feira (12), Lula declarou que \u201cnunca antes neste pa\u00eds o presidente da Rep\u00fablica n\u00e3o teve onde morar\u201d. A fala refere-se \u00e0s condi\u00e7\u00f5es \u2018impr\u00f3prias\u2019 para habita\u00e7\u00e3o do Pal\u00e1cio do Alvorada e da Granja do Torno.&nbsp;<a href=\"https:\/\/horabrasilia.com.br\/lula-cogita-reformar-palacio-da-alvorada-sem-licitacao\/\">O mandat\u00e1rio j\u00e1 cogitou realizar a reforma sem licita\u00e7\u00e3o, no local<\/a>.<\/p>\n\n\n\n<p>\u201cFernando Henrique me levou para ver os quartos e do jeito que ele saiu eu entrei, sem problema\u201d, comentou Lula. \u201cAgora, estava tudo desarrumado, o sof\u00e1 n\u00e3o tinha mais, o quarto n\u00e3o tinha cama. N\u00e3o sei se eram coisas particulares do casal Bolsonaro, mas levaram tudo. O Pal\u00e1cio est\u00e1 como se n\u00e3o tivesse sido habitado\u201d, declarou o petista.<\/p>\n\n\n\n<p>\u201cEstou cansado de ficar em hotel. N\u00e3o quero morar como se fosse um clandestino\u201d, afirmou Lula, que est\u00e1 hospedado em um hotel de luxo na regi\u00e3o central de Bras\u00edlia.<\/p>\n\n\n\n<p>Segundo informa\u00e7\u00e3o divulgada pela CNN Brasil, em agosto de 2022, Lula recebe um adicional de R$ 112 mil reais do PT, o valor foi justificado para pagamento de despesas como aluguel da luxuosa casa onde ele mora com Janja, em bairro nobre de S\u00e3o Paulo.<\/p>\n\n\n\n<h1><\/h1>\n","protected":false},"excerpt":{"rendered":"<p>Durante um \u201ccaf\u00e9 com jornalistas\u201d em Bras\u00edlia, realizado na manh\u00e3 desta quinta-feira (12), Lula declarou que \u201cnunca antes neste pa\u00eds o presidente da Rep\u00fablica n\u00e3o teve onde morar\u201d. A fala refere-se \u00e0s condi\u00e7\u00f5es \u2018impr\u00f3prias\u2019 para habita\u00e7\u00e3o do Pal\u00e1cio do Alvorada e da Granja do Torno.&nbsp;O mandat\u00e1rio j\u00e1 cogitou realizar a reforma sem licita\u00e7\u00e3o, no local. [&hellip;]<\/p>\n","protected":false},"author":2,"featured_media":14246,"comment_status":"open","ping_status":"open","sticky":false,"template":"","format":"standard","meta":[],"categories":[10],"tags":[13],"_links":{"self":[{"href":"https:\/\/dgospel.com.br\/portal\/index.php\/wp-json\/wp\/v2\/posts\/14245"}],"collection":[{"href":"https:\/\/dgospel.com.br\/portal\/index.php\/wp-json\/wp\/v2\/posts"}],"about":[{"href":"https:\/\/dgospel.com.br\/portal\/index.php\/wp-json\/wp\/v2\/types\/post"}],"author":[{"embeddable":true,"href":"https:\/\/dgospel.com.br\/portal\/index.php\/wp-json\/wp\/v2\/users\/2"}],"replies":[{"embeddable":true,"href":"https:\/\/dgospel.com.br\/portal\/index.php\/wp-json\/wp\/v2\/comments?post=14245"}],"version-history":[{"count":1,"href":"https:\/\/dgospel.com.br\/portal\/index.php\/wp-json\/wp\/v2\/posts\/14245\/revisions"}],"predecessor-version":[{"id":14247,"href":"https:\/\/dgospel.com.br\/portal\/index.php\/wp-json\/wp\/v2\/posts\/14245\/revisions\/14247"}],"wp:featuredmedia":[{"embeddable":true,"href":"https:\/\/dgospel.com.br\/portal\/index.php\/wp-json\/wp\/v2\/media\/14246"}],"wp:attachment":[{"href":"https:\/\/dgospel.com.br\/portal\/index.php\/wp-json\/wp\/v2\/media?parent=14245"}],"wp:term":[{"taxonomy":"category","embeddable":true,"href":"https:\/\/dgospel.com.br\/portal\/index.php\/wp-json\/wp\/v2\/categories?post=14245"},{"taxonomy":"post_tag","embeddable":true,"href":"https:\/\/dgospel.com.br\/portal\/index.php\/wp-json\/wp\/v2\/tags?post=14245"}],"curies":[{"name":"wp","href":"https:\/\/api.w.org\/{rel}","templated":true}]}}