{"id":14248,"date":"2023-01-12T23:54:07","date_gmt":"2023-01-13T02:54:07","guid":{"rendered":"http:\/\/dgospel.com.br\/portal\/?p=14248"},"modified":"2023-01-12T23:54:08","modified_gmt":"2023-01-13T02:54:08","slug":"vazado-fora-de-contexto-ajudando-a-alimentar-narrativas-falaciosas-diz-torres-sobre-minuta","status":"publish","type":"post","link":"https:\/\/dgospel.com.br\/portal\/index.php\/2023\/01\/12\/vazado-fora-de-contexto-ajudando-a-alimentar-narrativas-falaciosas-diz-torres-sobre-minuta\/","title":{"rendered":"\u201cVazado fora de contexto, ajudando a alimentar narrativas falaciosas\u201d, diz Torres sobre minuta"},"content":{"rendered":"\n<p>O ex-ministro da Justi\u00e7a e ex-secret\u00e1rio de Seguran\u00e7a do DF, Anderson Torres, publicou em seu perfil no Twitter as justificativas para a exist\u00eancia do documento encontrado pela Pol\u00edcia Federal em sua resid\u00eancia. Segundo ele, a minuta foi uma sugest\u00e3o e seria descartada, mas que a mat\u00e9ria do jornal Folha de S\u00e3o Paulo vazou o documento, o colocando fora de contexto para \u201calimentar narrativas falaciosas\u201d.<\/p>\n\n\n\n<p><\/p>\n\n\n\n<figure class=\"wp-block-image size-full\"><img loading=\"lazy\" width=\"528\" height=\"431\" src=\"http:\/\/dgospel.com.br\/portal\/wp-content\/uploads\/2023\/01\/00000000000.jpg\" alt=\"\" class=\"wp-image-14249\" srcset=\"https:\/\/dgospel.com.br\/portal\/wp-content\/uploads\/2023\/01\/00000000000.jpg 528w, https:\/\/dgospel.com.br\/portal\/wp-content\/uploads\/2023\/01\/00000000000-300x245.jpg 300w\" sizes=\"(max-width: 528px) 100vw, 528px\" \/><\/figure>\n\n\n\n<p><\/p>\n\n\n\n<figure class=\"wp-block-image size-full\"><img loading=\"lazy\" width=\"525\" height=\"410\" src=\"http:\/\/dgospel.com.br\/portal\/wp-content\/uploads\/2023\/01\/00000000000000.jpg\" alt=\"\" class=\"wp-image-14250\" srcset=\"https:\/\/dgospel.com.br\/portal\/wp-content\/uploads\/2023\/01\/00000000000000.jpg 525w, https:\/\/dgospel.com.br\/portal\/wp-content\/uploads\/2023\/01\/00000000000000-300x234.jpg 300w\" sizes=\"(max-width: 525px) 100vw, 525px\" \/><\/figure>\n\n\n\n<p>Torres teve sua pris\u00e3o decretada pelo ministro Alexandre de Moraes, do STF, sob a acusa\u00e7\u00e3o de omiss\u00e3o dolosa diante das manifesta\u00e7\u00f5es que culminaram em atos de vandalismo nos pr\u00e9dios sedes dos Tr\u00eas Poderes. O ex-secret\u00e1rio de Seguran\u00e7a P\u00fablica do DF est\u00e1 em f\u00e9rias com a fam\u00edlia em Orlando, mas j\u00e1 informou que antecipar\u00e1 sua volta e se entregar\u00e1 \u00e0 PF.<\/p>\n","protected":false},"excerpt":{"rendered":"<p>O ex-ministro da Justi\u00e7a e ex-secret\u00e1rio de Seguran\u00e7a do DF, Anderson Torres, publicou em seu perfil no Twitter as justificativas para a exist\u00eancia do documento encontrado pela Pol\u00edcia Federal em sua resid\u00eancia. Segundo ele, a minuta foi uma sugest\u00e3o e seria descartada, mas que a mat\u00e9ria do jornal Folha de S\u00e3o Paulo vazou o documento, [&hellip;]<\/p>\n","protected":false},"author":2,"featured_media":14251,"comment_status":"open","ping_status":"open","sticky":false,"template":"","format":"standard","meta":[],"categories":[10],"tags":[13],"_links":{"self":[{"href":"https:\/\/dgospel.com.br\/portal\/index.php\/wp-json\/wp\/v2\/posts\/14248"}],"collection":[{"href":"https:\/\/dgospel.com.br\/portal\/index.php\/wp-json\/wp\/v2\/posts"}],"about":[{"href":"https:\/\/dgospel.com.br\/portal\/index.php\/wp-json\/wp\/v2\/types\/post"}],"author":[{"embeddable":true,"href":"https:\/\/dgospel.com.br\/portal\/index.php\/wp-json\/wp\/v2\/users\/2"}],"replies":[{"embeddable":true,"href":"https:\/\/dgospel.com.br\/portal\/index.php\/wp-json\/wp\/v2\/comments?post=14248"}],"version-history":[{"count":1,"href":"https:\/\/dgospel.com.br\/portal\/index.php\/wp-json\/wp\/v2\/posts\/14248\/revisions"}],"predecessor-version":[{"id":14252,"href":"https:\/\/dgospel.com.br\/portal\/index.php\/wp-json\/wp\/v2\/posts\/14248\/revisions\/14252"}],"wp:featuredmedia":[{"embeddable":true,"href":"https:\/\/dgospel.com.br\/portal\/index.php\/wp-json\/wp\/v2\/media\/14251"}],"wp:attachment":[{"href":"https:\/\/dgospel.com.br\/portal\/index.php\/wp-json\/wp\/v2\/media?parent=14248"}],"wp:term":[{"taxonomy":"category","embeddable":true,"href":"https:\/\/dgospel.com.br\/portal\/index.php\/wp-json\/wp\/v2\/categories?post=14248"},{"taxonomy":"post_tag","embeddable":true,"href":"https:\/\/dgospel.com.br\/portal\/index.php\/wp-json\/wp\/v2\/tags?post=14248"}],"curies":[{"name":"wp","href":"https:\/\/api.w.org\/{rel}","templated":true}]}}