{"id":14253,"date":"2023-01-12T23:56:52","date_gmt":"2023-01-13T02:56:52","guid":{"rendered":"http:\/\/dgospel.com.br\/portal\/?p=14253"},"modified":"2023-01-12T23:56:53","modified_gmt":"2023-01-13T02:56:53","slug":"manifestacoes-deputado-aciona-justica-contra-lula-e-dino-por-prevaricacao","status":"publish","type":"post","link":"https:\/\/dgospel.com.br\/portal\/index.php\/2023\/01\/12\/manifestacoes-deputado-aciona-justica-contra-lula-e-dino-por-prevaricacao\/","title":{"rendered":"Manifesta\u00e7\u00f5es: deputado aciona Justi\u00e7a contra Lula e Dino por prevarica\u00e7\u00e3o"},"content":{"rendered":"\n<p>O deputado federal&nbsp;<a href=\"https:\/\/twitter.com\/carlosjordy\" target=\"_blank\" rel=\"noreferrer noopener\"><strong>Carlos Jordy (PL-RJ)<\/strong><\/a>&nbsp;disse, nesta quinta-feira, 12, que pretende acionar a Justi\u00e7a contra o presidente Luiz In\u00e1cio Lula da Silva e o ministro da Justi\u00e7a e Seguran\u00e7a P\u00fablica, Fl\u00e1vio Dino. Segundo o parlamentar, o governo federal dispensou o pelot\u00e3o da Guarda Presidencial no domingo 8, quando houve a manifesta\u00e7\u00e3o na Pra\u00e7a dos Tr\u00eas Poderes.<\/p>\n\n\n\n<p>\u201cAo que parece, Fl\u00e1vio Dino, Lula e o GSI tinham conhecimento dos riscos e da gravidade e prevaricaram\u201d, declarou Jordy, em conversa com&nbsp;<strong>Oeste<\/strong>. \u201cJ\u00e1 estou tomando todas as medidas, para que sejam investigados na Justi\u00e7a e na C\u00e2mara.\u201d Ele quer saber se houve omiss\u00e3o ou falha no resguardo dos bens p\u00fablicos.<\/p>\n\n\n\n<p>O deputado est\u00e1 encaminhando uma representa\u00e7\u00e3o \u00e0 Procuradoria-Geral da Rep\u00fablica contra Dino, contra o chefe do Gabinete de Seguran\u00e7a Institucional (GSI), general Marco Gon\u00e7alves Dias, e contra Lula.<\/p>\n\n\n\n<p>Al\u00e9m disso, Jordy vai pedir a convoca\u00e7\u00e3o de Dino e do ministro dos Direitos Humanos, Silvio Almeida, para prestarem esclarecimentos na C\u00e2mara. Os requerimentos foram enviados \u00e0 Comiss\u00e3o de Seguran\u00e7a P\u00fablica e Combate ao Crime Organizado.<\/p>\n\n\n\n<p>O GSI dispensou, cerca de 20 horas antes da invas\u00e3o da Esplanada, o pelot\u00e3o de quase 40 homens do Batalh\u00e3o da Guarda Presidencial. Nenhuma das fontes revelou por que o GSI, comandado pelo general Marco Gon\u00e7alves Dias,&nbsp;<a href=\"https:\/\/revistaoeste.com\/politica\/gsi-dispensou-reforco-de-guarda-no-planalto-20-horas-antes-da-invasao-no-df\/\" target=\"_blank\" rel=\"noreferrer noopener\"><strong>dispensou o refor\u00e7o e qual o motivo de ter demorado a agir<\/strong><\/a>.<\/p>\n\n\n\n<p>Prevarica\u00e7\u00e3o \u00e9 uma das viola\u00e7\u00f5es praticadas por funcion\u00e1rio p\u00fablico, incluindo o presidente da Rep\u00fablica, contra a administra\u00e7\u00e3o em geral. O crime est\u00e1 descrito no artigo 319 do C\u00f3digo Penal e se caracteriza em retardar ou deixar de praticar, indevidamente, um ato de of\u00edcio, ou pratic\u00e1-lo contra a disposi\u00e7\u00e3o expressa da Lei, para satisfazer interesse ou sentimento pessoal. A pena prevista \u00e9 de deten\u00e7\u00e3o de tr\u00eas meses a um ano e multa.<\/p>\n\n\n\n<p>Para a investiga\u00e7\u00e3o prosseguir, \u00e9 necess\u00e1ria a aprova\u00e7\u00e3o de pelo menos dois ter\u00e7os da C\u00e2mara, ou seja, 342 votos. Se aprovada, o presidente \u00e9 afastado do cargo e julgado pelo Supremo Tribunal Federal.<\/p>\n","protected":false},"excerpt":{"rendered":"<p>O deputado federal&nbsp;Carlos Jordy (PL-RJ)&nbsp;disse, nesta quinta-feira, 12, que pretende acionar a Justi\u00e7a contra o presidente Luiz In\u00e1cio Lula da Silva e o ministro da Justi\u00e7a e Seguran\u00e7a P\u00fablica, Fl\u00e1vio Dino. Segundo o parlamentar, o governo federal dispensou o pelot\u00e3o da Guarda Presidencial no domingo 8, quando houve a manifesta\u00e7\u00e3o na Pra\u00e7a dos Tr\u00eas Poderes. [&hellip;]<\/p>\n","protected":false},"author":2,"featured_media":14254,"comment_status":"open","ping_status":"open","sticky":false,"template":"","format":"standard","meta":[],"categories":[4],"tags":[13],"_links":{"self":[{"href":"https:\/\/dgospel.com.br\/portal\/index.php\/wp-json\/wp\/v2\/posts\/14253"}],"collection":[{"href":"https:\/\/dgospel.com.br\/portal\/index.php\/wp-json\/wp\/v2\/posts"}],"about":[{"href":"https:\/\/dgospel.com.br\/portal\/index.php\/wp-json\/wp\/v2\/types\/post"}],"author":[{"embeddable":true,"href":"https:\/\/dgospel.com.br\/portal\/index.php\/wp-json\/wp\/v2\/users\/2"}],"replies":[{"embeddable":true,"href":"https:\/\/dgospel.com.br\/portal\/index.php\/wp-json\/wp\/v2\/comments?post=14253"}],"version-history":[{"count":1,"href":"https:\/\/dgospel.com.br\/portal\/index.php\/wp-json\/wp\/v2\/posts\/14253\/revisions"}],"predecessor-version":[{"id":14255,"href":"https:\/\/dgospel.com.br\/portal\/index.php\/wp-json\/wp\/v2\/posts\/14253\/revisions\/14255"}],"wp:featuredmedia":[{"embeddable":true,"href":"https:\/\/dgospel.com.br\/portal\/index.php\/wp-json\/wp\/v2\/media\/14254"}],"wp:attachment":[{"href":"https:\/\/dgospel.com.br\/portal\/index.php\/wp-json\/wp\/v2\/media?parent=14253"}],"wp:term":[{"taxonomy":"category","embeddable":true,"href":"https:\/\/dgospel.com.br\/portal\/index.php\/wp-json\/wp\/v2\/categories?post=14253"},{"taxonomy":"post_tag","embeddable":true,"href":"https:\/\/dgospel.com.br\/portal\/index.php\/wp-json\/wp\/v2\/tags?post=14253"}],"curies":[{"name":"wp","href":"https:\/\/api.w.org\/{rel}","templated":true}]}}