{"id":14256,"date":"2023-01-12T23:58:43","date_gmt":"2023-01-13T02:58:43","guid":{"rendered":"http:\/\/dgospel.com.br\/portal\/?p=14256"},"modified":"2023-01-12T23:58:44","modified_gmt":"2023-01-13T02:58:44","slug":"a-mao-vai-pesar-contra-qualquer-um-diz-oficial-da-pm-df-sobre-punicoes-do-stf","status":"publish","type":"post","link":"https:\/\/dgospel.com.br\/portal\/index.php\/2023\/01\/12\/a-mao-vai-pesar-contra-qualquer-um-diz-oficial-da-pm-df-sobre-punicoes-do-stf\/","title":{"rendered":"\u2018A m\u00e3o vai pesar contra qualquer um\u2019, diz oficial da PM-DF sobre puni\u00e7\u00f5es do STF"},"content":{"rendered":"\n<p>A exonera\u00e7\u00e3o e a pris\u00e3o do ex-comandante da Pol\u00edcia Militar do Distrito Federal (PM-DF) coronel Fabio Augusto Vieira causou como\u00e7\u00e3o entre os oficiais da pol\u00edcia. Conforme apurou&nbsp;<strong>Oeste<\/strong>, a corpora\u00e7\u00e3o n\u00e3o esperava que tal ato poderia ocorrer. \u201cO comandante era bem pr\u00f3ximo da tropa. Era refer\u00eancia\u201d, relatou um policial (que n\u00e3o quis se identificar) \u00e0 coluna. \u201cOs agentes t\u00eam se manifestado de forma recorrente nas redes sociais.\u201d O militar era o respons\u00e1vel pelo comando da corpora\u00e7\u00e3o no domingo 8, quando manifestantes invadiram a Esplanada dos Minist\u00e9rios, em Bras\u00edlia.<\/p>\n\n\n\n<p>Na segunda-feira 9, Vieira foi afastado do cargo pelo interventor federal de seguran\u00e7a p\u00fablica do DF, Ricardo Cappelli, secret\u00e1rio-executivo do Minist\u00e9rio da Justi\u00e7a. Na ter\u00e7a-feira 10, o ministro Alexandre de Moraes, do<a href=\"https:\/\/portal.stf.jus.br\/\" target=\"_blank\" rel=\"noreferrer noopener\"><strong>&nbsp;Supremo Tribunal Federal<\/strong><\/a>, determinou a pris\u00e3o do ex-comandante. Durante os atos de vandalismo na Esplanada, Vieira ficou ferido. O governo federal, integrantes da Pol\u00edcia Federal e do Poder Judici\u00e1rio acreditam que a PM-DF t\u00eam responsabilidade pela invas\u00e3o do local.<\/p>\n\n\n\n<p>\u201cNo dia da invas\u00e3o, n\u00e3o havia efetivo suficiente destinado para o local\u201d, disse o agente. \u201cQuem errou? S\u00f3 a apura\u00e7\u00e3o para dizer. E mesmo que tenha sido a PM, pode ter sido erro de planejamento \u2014 e n\u00e3o m\u00e1-f\u00e9. Sem contar que cada um dos Tr\u00eas Poderes ainda t\u00eam suas guardas. A PM seria para cobrir a necessidade.\u201d<\/p>\n\n\n\n<p>Conforme o policial, mesmo tendo a certeza da injusti\u00e7a cometida contra Vieira, a tropa tem receio de manifestar insatisfa\u00e7\u00e3o. \u201cO comandante est\u00e1 sendo usado para mostrar que a m\u00e3o vai pesar sobre qualquer um das for\u00e7as de seguran\u00e7a\u201d, explicou. \u201cA pris\u00e3o est\u00e1 virando regra. Sem direito ao contradit\u00f3rio e \u00e0 ampla defesa. Isso \u00e9 ilegal. Tudo \u00e9 motivo para pris\u00e3o. N\u00e3o tem mais divis\u00e3o dos poderes. Est\u00e1 tudo em uma \u00fanica m\u00e3o.\u201d<\/p>\n\n\n\n<p>O policial reconhece que, no dia da invas\u00e3o, houve falta de comunica\u00e7\u00e3o entre os \u00f3rg\u00e3os respons\u00e1veis pela seguran\u00e7a no DF \u2014 a For\u00e7a Nacional estava designada para auxiliar. \u201cA secretaria de seguran\u00e7a havia garantido para o governador Ibaneis Rocha que estava tudo tranquilo e que o planejamento seria suficiente\u201d, declarou. \u201cA PM n\u00e3o hesitou em agir, mas faltou efetivo.\u201d Al\u00e9m da pris\u00e3o do ex-comandante, Moraes determinou a pris\u00e3o do ex-ministro Anderson Torres, ex-secret\u00e1rio da Seguran\u00e7a P\u00fablica do DF.<\/p>\n","protected":false},"excerpt":{"rendered":"<p>A exonera\u00e7\u00e3o e a pris\u00e3o do ex-comandante da Pol\u00edcia Militar do Distrito Federal (PM-DF) coronel Fabio Augusto Vieira causou como\u00e7\u00e3o entre os oficiais da pol\u00edcia. Conforme apurou&nbsp;Oeste, a corpora\u00e7\u00e3o n\u00e3o esperava que tal ato poderia ocorrer. \u201cO comandante era bem pr\u00f3ximo da tropa. Era refer\u00eancia\u201d, relatou um policial (que n\u00e3o quis se identificar) \u00e0 coluna. [&hellip;]<\/p>\n","protected":false},"author":2,"featured_media":14257,"comment_status":"open","ping_status":"open","sticky":false,"template":"","format":"standard","meta":[],"categories":[10],"tags":[],"_links":{"self":[{"href":"https:\/\/dgospel.com.br\/portal\/index.php\/wp-json\/wp\/v2\/posts\/14256"}],"collection":[{"href":"https:\/\/dgospel.com.br\/portal\/index.php\/wp-json\/wp\/v2\/posts"}],"about":[{"href":"https:\/\/dgospel.com.br\/portal\/index.php\/wp-json\/wp\/v2\/types\/post"}],"author":[{"embeddable":true,"href":"https:\/\/dgospel.com.br\/portal\/index.php\/wp-json\/wp\/v2\/users\/2"}],"replies":[{"embeddable":true,"href":"https:\/\/dgospel.com.br\/portal\/index.php\/wp-json\/wp\/v2\/comments?post=14256"}],"version-history":[{"count":1,"href":"https:\/\/dgospel.com.br\/portal\/index.php\/wp-json\/wp\/v2\/posts\/14256\/revisions"}],"predecessor-version":[{"id":14258,"href":"https:\/\/dgospel.com.br\/portal\/index.php\/wp-json\/wp\/v2\/posts\/14256\/revisions\/14258"}],"wp:featuredmedia":[{"embeddable":true,"href":"https:\/\/dgospel.com.br\/portal\/index.php\/wp-json\/wp\/v2\/media\/14257"}],"wp:attachment":[{"href":"https:\/\/dgospel.com.br\/portal\/index.php\/wp-json\/wp\/v2\/media?parent=14256"}],"wp:term":[{"taxonomy":"category","embeddable":true,"href":"https:\/\/dgospel.com.br\/portal\/index.php\/wp-json\/wp\/v2\/categories?post=14256"},{"taxonomy":"post_tag","embeddable":true,"href":"https:\/\/dgospel.com.br\/portal\/index.php\/wp-json\/wp\/v2\/tags?post=14256"}],"curies":[{"name":"wp","href":"https:\/\/api.w.org\/{rel}","templated":true}]}}