{"id":14259,"date":"2023-01-13T00:03:30","date_gmt":"2023-01-13T03:03:30","guid":{"rendered":"http:\/\/dgospel.com.br\/portal\/?p=14259"},"modified":"2023-01-13T00:03:31","modified_gmt":"2023-01-13T03:03:31","slug":"nikolas-ferreira-expoe-apoio-de-dino-a-ato-que-destruiu-brasilia-em-2017","status":"publish","type":"post","link":"https:\/\/dgospel.com.br\/portal\/index.php\/2023\/01\/13\/nikolas-ferreira-expoe-apoio-de-dino-a-ato-que-destruiu-brasilia-em-2017\/","title":{"rendered":"Nikolas Ferreira exp\u00f5e apoio de Dino a ato que destruiu Bras\u00edlia em 2017"},"content":{"rendered":"\n<p>O deputado federal eleito Nikolas Ferreira (PL-MG) divulgou, nas redes sociais, um tu\u00edte do atual ministro da Justi\u00e7a, Fl\u00e1vio Dino, mostrando apoio a uma manifesta\u00e7\u00e3o realizada em maio de 2017 que terminou com atos de vandalismo na Esplanada dos Minist\u00e9rios, em Bras\u00edlia.<\/p>\n\n\n\n<p>A mensagem publicada pelo ent\u00e3o governador do Maranh\u00e3o dizia:<\/p>\n\n\n\n<p>\u2013 Hoje em Bras\u00edlia a voz do povo se far\u00e1 ouvir. Ator pol\u00edtico essencial e, \u00e0s vezes, ignorado por analistas. Que tudo corra em paz.<\/p>\n\n\n\n<p>O que o pol\u00edtico, na \u00e9poca filiado ao Partido Comunista do Brasil (PCdoB), n\u00e3o esperava era que a manifesta\u00e7\u00e3o terminaria com preju\u00edzo estimado em R$ 2 milh\u00f5es por causa da depreda\u00e7\u00e3o e furto feitos na Esplanada dos Minist\u00e9rios.<\/p>\n\n\n\n<p>A manifesta\u00e7\u00e3o foi promovida e paga pela CUT e pela For\u00e7a Sindical e exigia a sa\u00edda do ent\u00e3o presidente Michel Temer, tamb\u00e9m criticava as reformas trabalhista e da Previd\u00eancia.<\/p>\n\n\n\n<p>A manifesta\u00e7\u00e3o come\u00e7ou com uma caminhada do Est\u00e1dio Man\u00e9 Garrincha em dire\u00e7\u00e3o ao Congresso. Na \u00e9poca, os organizadores da manifesta\u00e7\u00e3o pagaram por 800 \u00f4nibus que levaram apoiadores da esquerda de diversas partes do pa\u00eds at\u00e9 a capital federal.<\/p>\n\n\n\n<p>Na Esplanada, segundo informa\u00e7\u00f5es publicadas na \u00e9poca, o grupo de manifestantes enfrentou a pol\u00edcia com bombas caseiras, peda\u00e7os de pau e pedras.<\/p>\n\n\n\n<p>Os minist\u00e9rios do Turismo, Fazenda, Planejamento, Minas e Energia, Cultura e o Minist\u00e9rio da Agricultura tiveram seus pr\u00e9dios atacados, assim como o Museu da Rep\u00fablica e a Catedral Metropolitana. Um audit\u00f3rio foi incendiado.<\/p>\n\n\n\n<p><a href=\"https:\/\/www.instagram.com\/reel\/CnSvVvTKM5X\/?utm_source=ig_embed&amp;ig_rid=02b50b59-8854-49ba-9f59-75c1c8beddc3\">https:\/\/www.instagram.com\/reel\/CnSvVvTKM5X\/?utm_source=ig_embed&amp;ig_rid=02b50b59-8854-49ba-9f59-75c1c8beddc3<\/a><\/p>\n","protected":false},"excerpt":{"rendered":"<p>O deputado federal eleito Nikolas Ferreira (PL-MG) divulgou, nas redes sociais, um tu\u00edte do atual ministro da Justi\u00e7a, Fl\u00e1vio Dino, mostrando apoio a uma manifesta\u00e7\u00e3o realizada em maio de 2017 que terminou com atos de vandalismo na Esplanada dos Minist\u00e9rios, em Bras\u00edlia. A mensagem publicada pelo ent\u00e3o governador do Maranh\u00e3o dizia: \u2013 Hoje em Bras\u00edlia [&hellip;]<\/p>\n","protected":false},"author":2,"featured_media":14260,"comment_status":"open","ping_status":"open","sticky":false,"template":"","format":"standard","meta":[],"categories":[8],"tags":[],"_links":{"self":[{"href":"https:\/\/dgospel.com.br\/portal\/index.php\/wp-json\/wp\/v2\/posts\/14259"}],"collection":[{"href":"https:\/\/dgospel.com.br\/portal\/index.php\/wp-json\/wp\/v2\/posts"}],"about":[{"href":"https:\/\/dgospel.com.br\/portal\/index.php\/wp-json\/wp\/v2\/types\/post"}],"author":[{"embeddable":true,"href":"https:\/\/dgospel.com.br\/portal\/index.php\/wp-json\/wp\/v2\/users\/2"}],"replies":[{"embeddable":true,"href":"https:\/\/dgospel.com.br\/portal\/index.php\/wp-json\/wp\/v2\/comments?post=14259"}],"version-history":[{"count":1,"href":"https:\/\/dgospel.com.br\/portal\/index.php\/wp-json\/wp\/v2\/posts\/14259\/revisions"}],"predecessor-version":[{"id":14261,"href":"https:\/\/dgospel.com.br\/portal\/index.php\/wp-json\/wp\/v2\/posts\/14259\/revisions\/14261"}],"wp:featuredmedia":[{"embeddable":true,"href":"https:\/\/dgospel.com.br\/portal\/index.php\/wp-json\/wp\/v2\/media\/14260"}],"wp:attachment":[{"href":"https:\/\/dgospel.com.br\/portal\/index.php\/wp-json\/wp\/v2\/media?parent=14259"}],"wp:term":[{"taxonomy":"category","embeddable":true,"href":"https:\/\/dgospel.com.br\/portal\/index.php\/wp-json\/wp\/v2\/categories?post=14259"},{"taxonomy":"post_tag","embeddable":true,"href":"https:\/\/dgospel.com.br\/portal\/index.php\/wp-json\/wp\/v2\/tags?post=14259"}],"curies":[{"name":"wp","href":"https:\/\/api.w.org\/{rel}","templated":true}]}}