{"id":14262,"date":"2023-01-13T00:08:36","date_gmt":"2023-01-13T03:08:36","guid":{"rendered":"http:\/\/dgospel.com.br\/portal\/?p=14262"},"modified":"2023-01-13T00:08:38","modified_gmt":"2023-01-13T03:08:38","slug":"lula-gastou-mais-que-jair-bolsonaro-com-cartao-corporativo","status":"publish","type":"post","link":"https:\/\/dgospel.com.br\/portal\/index.php\/2023\/01\/13\/lula-gastou-mais-que-jair-bolsonaro-com-cartao-corporativo\/","title":{"rendered":"Lula gastou mais que Jair Bolsonaro com cart\u00e3o corporativo"},"content":{"rendered":"\n<p>O ex-presidente&nbsp;<a href=\"http:\/\/pleno.news\/tag\/jair-bolsonaro\" target=\"_blank\" rel=\"noreferrer noopener\">Jair Bolsonaro<\/a>&nbsp;(PL) gastou menos com cart\u00e3o corporativo que os ex-presidentes&nbsp;<a href=\"http:\/\/pleno.news\/tag\/lula\" target=\"_blank\" rel=\"noreferrer noopener\">Lula<\/a>&nbsp;(PT) e Dilma Rousseff (PT). Os n\u00fameros, que s\u00e3o da Secretaria-Geral da Presid\u00eancia da Rep\u00fablica, foram obtidos por meio da Lei de Acesso \u00e0 Informa\u00e7\u00e3o pela ag\u00eancia de dados Fiquem Sabendo.<\/p>\n\n\n\n<p>Durante seus quatro anos como chefe do Executivo, Bolsonaro utilizou R$ 27.621.657,23 do Cart\u00e3o de Pagamento do Governo Federal (CPFG), conhecido popularmente como cart\u00e3o corporativo. Corrigido pela infla\u00e7\u00e3o, o valor \u00e9 de R$ 32.659.369,02.<\/p>\n\n\n\n<p>A quantia \u00e9 mais de R$ 15 milh\u00f5es inferior aos gastos efetuados durante o segundo governo de Lula, entre 2007 e 2010, que somaram R$ 47.943.615,34 com o valor corrigido pelo \u00cdndice Nacional de Pre\u00e7os ao Consumidor Amplo (IPCA). No primeiro governo do petista, entre 2003 e 2006, o montante foi ainda maior: R$ 59.075.679,77.<\/p>\n\n\n\n<p>As despesas do cart\u00e3o corporativo na gest\u00e3o Bolsonaro tamb\u00e9m foram menores que o primeiro governo da ex-presidente Dilma Rousseff (PT). De acordo com os n\u00fameros divulgados pela Secretaria-Geral da Presid\u00eancia, a \u201cfatura\u201d entre 2011 e 2014 ficou em R$ 42.359.819,13.<\/p>\n\n\n\n<p>Confira os gastos com cart\u00e3o corporativo nos \u00faltimos seis governos, corrigidos pelo \u00cdndice Nacional de Pre\u00e7os ao Consumidor Amplo (IPCA) anual:<\/p>\n\n\n\n<p>Primeiro governo de Lula \u2013 R$59.075.679,77<br>Segundo governo de Lula \u2013 R$47.943.615,34<br>Primeiro governo de Dilma \u2013 R$42.359.819,13<br>Segundo governo de Dilma \u2013 R$10.212.647,25<br>Michel Temer \u2013 R$15.270.257,50<br>Jair Bolsonaro \u2013 R$32.659.369,02<\/p>\n","protected":false},"excerpt":{"rendered":"<p>O ex-presidente&nbsp;Jair Bolsonaro&nbsp;(PL) gastou menos com cart\u00e3o corporativo que os ex-presidentes&nbsp;Lula&nbsp;(PT) e Dilma Rousseff (PT). Os n\u00fameros, que s\u00e3o da Secretaria-Geral da Presid\u00eancia da Rep\u00fablica, foram obtidos por meio da Lei de Acesso \u00e0 Informa\u00e7\u00e3o pela ag\u00eancia de dados Fiquem Sabendo. Durante seus quatro anos como chefe do Executivo, Bolsonaro utilizou R$ 27.621.657,23 do Cart\u00e3o [&hellip;]<\/p>\n","protected":false},"author":2,"featured_media":14263,"comment_status":"open","ping_status":"open","sticky":false,"template":"","format":"standard","meta":[],"categories":[4],"tags":[],"_links":{"self":[{"href":"https:\/\/dgospel.com.br\/portal\/index.php\/wp-json\/wp\/v2\/posts\/14262"}],"collection":[{"href":"https:\/\/dgospel.com.br\/portal\/index.php\/wp-json\/wp\/v2\/posts"}],"about":[{"href":"https:\/\/dgospel.com.br\/portal\/index.php\/wp-json\/wp\/v2\/types\/post"}],"author":[{"embeddable":true,"href":"https:\/\/dgospel.com.br\/portal\/index.php\/wp-json\/wp\/v2\/users\/2"}],"replies":[{"embeddable":true,"href":"https:\/\/dgospel.com.br\/portal\/index.php\/wp-json\/wp\/v2\/comments?post=14262"}],"version-history":[{"count":1,"href":"https:\/\/dgospel.com.br\/portal\/index.php\/wp-json\/wp\/v2\/posts\/14262\/revisions"}],"predecessor-version":[{"id":14264,"href":"https:\/\/dgospel.com.br\/portal\/index.php\/wp-json\/wp\/v2\/posts\/14262\/revisions\/14264"}],"wp:featuredmedia":[{"embeddable":true,"href":"https:\/\/dgospel.com.br\/portal\/index.php\/wp-json\/wp\/v2\/media\/14263"}],"wp:attachment":[{"href":"https:\/\/dgospel.com.br\/portal\/index.php\/wp-json\/wp\/v2\/media?parent=14262"}],"wp:term":[{"taxonomy":"category","embeddable":true,"href":"https:\/\/dgospel.com.br\/portal\/index.php\/wp-json\/wp\/v2\/categories?post=14262"},{"taxonomy":"post_tag","embeddable":true,"href":"https:\/\/dgospel.com.br\/portal\/index.php\/wp-json\/wp\/v2\/tags?post=14262"}],"curies":[{"name":"wp","href":"https:\/\/api.w.org\/{rel}","templated":true}]}}