{"id":14265,"date":"2023-01-17T09:02:10","date_gmt":"2023-01-17T12:02:10","guid":{"rendered":"http:\/\/dgospel.com.br\/portal\/?p=14265"},"modified":"2023-01-17T09:02:11","modified_gmt":"2023-01-17T12:02:11","slug":"zema-sobre-df-governo-lula-fez-vista-grossa-para-ser-vitima","status":"publish","type":"post","link":"https:\/\/dgospel.com.br\/portal\/index.php\/2023\/01\/17\/zema-sobre-df-governo-lula-fez-vista-grossa-para-ser-vitima\/","title":{"rendered":"Zema sobre DF: Governo Lula fez vista grossa para ser v\u00edtima"},"content":{"rendered":"\n<p>Nesta segunda-feira (16), o governador de Minas Gerais, Romeu Zema, voltou a falar sobre os protestos que ocorreram em Bras\u00edlia, quando as sedes do Congresso Nacional, do Pal\u00e1cio do Planalto e do Supremo Tribunal Federal (STF) foram depredadas. As declara\u00e7\u00f5es de Zema foram dadas durante entrevista \u00e0&nbsp;<a href=\"https:\/\/gauchazh.clicrbs.com.br\/colunistas\/kelly-matos\/noticia\/2023\/01\/zema-sugere-vista-grossa-do-governo-lula-em-ataques-em-brasilia-para-que-o-pior-acontecesse-clcyws8h4004a01812wray4ev.html\" target=\"_blank\" rel=\"noreferrer noopener\">R\u00e1dio Ga\u00facha<\/a>.<\/p>\n\n\n\n<p>Zema criticou o governo Lula (PT). Na avalia\u00e7\u00e3o dele, \u201chouve erro tamb\u00e9m, talvez at\u00e9 proposital, do governo federal que fez vista grossa para que o pior acontecesse e ele se fizesse de v\u00edtima\u201d.<\/p>\n\n\n\n<p>\u2013 Me parece que houve um erro da direita radical, que \u00e9 minoria. Houve um erro tamb\u00e9m, talvez at\u00e9 proposital, do governo federal que fez vista grossa para que o pior acontecesse e ele se fizesse de v\u00edtima. \u00c9 uma suposi\u00e7\u00e3o. Mas as investiga\u00e7\u00f5es v\u00e3o apontar se foi isso \u2013 falou.<\/p>\n\n\n\n<p>O governador de MG defendeu ainda que devem ser punidas as pessoas respons\u00e1veis pelo vandalismo, mas n\u00e3o quem se manifestou de forma ordeira.<\/p>\n\n\n\n<p>\u2013 Voc\u00ea confundir um cidad\u00e3o de bem com um depredador \u00e9 erro grav\u00edssimo. Que se puna essas pessoas que fizeram o vandalismo. Agora, estender isso a esses que est\u00e3o se manifestando de forma ordeira, \u00e9 uma situa\u00e7\u00e3o muito distinta \u2013 disse.<\/p>\n\n\n\n<figure class=\"wp-block-embed is-type-video is-provider-youtube wp-block-embed-youtube wp-embed-aspect-16-9 wp-has-aspect-ratio\"><div class=\"wp-block-embed__wrapper\">\n<iframe loading=\"lazy\" title=\"Zema sugere que gest\u00e3o Lula fez vista grossa e torceu por pior em ato golpista\" width=\"630\" height=\"354\" src=\"https:\/\/www.youtube.com\/embed\/QoJpYOwIvcw?feature=oembed\" frameborder=\"0\" allow=\"accelerometer; autoplay; clipboard-write; encrypted-media; gyroscope; picture-in-picture; web-share\" allowfullscreen><\/iframe>\n<\/div><\/figure>\n","protected":false},"excerpt":{"rendered":"<p>Nesta segunda-feira (16), o governador de Minas Gerais, Romeu Zema, voltou a falar sobre os protestos que ocorreram em Bras\u00edlia, quando as sedes do Congresso Nacional, do Pal\u00e1cio do Planalto e do Supremo Tribunal Federal (STF) foram depredadas. As declara\u00e7\u00f5es de Zema foram dadas durante entrevista \u00e0&nbsp;R\u00e1dio Ga\u00facha. Zema criticou o governo Lula (PT). Na [&hellip;]<\/p>\n","protected":false},"author":2,"featured_media":14266,"comment_status":"open","ping_status":"open","sticky":false,"template":"","format":"standard","meta":[],"categories":[4],"tags":[13],"_links":{"self":[{"href":"https:\/\/dgospel.com.br\/portal\/index.php\/wp-json\/wp\/v2\/posts\/14265"}],"collection":[{"href":"https:\/\/dgospel.com.br\/portal\/index.php\/wp-json\/wp\/v2\/posts"}],"about":[{"href":"https:\/\/dgospel.com.br\/portal\/index.php\/wp-json\/wp\/v2\/types\/post"}],"author":[{"embeddable":true,"href":"https:\/\/dgospel.com.br\/portal\/index.php\/wp-json\/wp\/v2\/users\/2"}],"replies":[{"embeddable":true,"href":"https:\/\/dgospel.com.br\/portal\/index.php\/wp-json\/wp\/v2\/comments?post=14265"}],"version-history":[{"count":1,"href":"https:\/\/dgospel.com.br\/portal\/index.php\/wp-json\/wp\/v2\/posts\/14265\/revisions"}],"predecessor-version":[{"id":14267,"href":"https:\/\/dgospel.com.br\/portal\/index.php\/wp-json\/wp\/v2\/posts\/14265\/revisions\/14267"}],"wp:featuredmedia":[{"embeddable":true,"href":"https:\/\/dgospel.com.br\/portal\/index.php\/wp-json\/wp\/v2\/media\/14266"}],"wp:attachment":[{"href":"https:\/\/dgospel.com.br\/portal\/index.php\/wp-json\/wp\/v2\/media?parent=14265"}],"wp:term":[{"taxonomy":"category","embeddable":true,"href":"https:\/\/dgospel.com.br\/portal\/index.php\/wp-json\/wp\/v2\/categories?post=14265"},{"taxonomy":"post_tag","embeddable":true,"href":"https:\/\/dgospel.com.br\/portal\/index.php\/wp-json\/wp\/v2\/tags?post=14265"}],"curies":[{"name":"wp","href":"https:\/\/api.w.org\/{rel}","templated":true}]}}