{"id":14268,"date":"2023-01-17T09:07:50","date_gmt":"2023-01-17T12:07:50","guid":{"rendered":"http:\/\/dgospel.com.br\/portal\/?p=14268"},"modified":"2023-01-17T09:07:52","modified_gmt":"2023-01-17T12:07:52","slug":"gilmar-mendes-manda-soltar-85-presas-para-prender-patriotas","status":"publish","type":"post","link":"https:\/\/dgospel.com.br\/portal\/index.php\/2023\/01\/17\/gilmar-mendes-manda-soltar-85-presas-para-prender-patriotas\/","title":{"rendered":"Gilmar Mendes manda soltar 85 presas para prender patriotas"},"content":{"rendered":"\n<p>Oitenta e cinco presas do semiaberto que estavam na Penitenci\u00e1ria Feminina do Distrito Federal, ser\u00e3o soltas ap\u00f3s decis\u00e3o do ministro Gilmar Mendes, do Supremo Tribunal Federal (STF), para dar lugar para as mulheres patriotas que estavam em Bras\u00edlia no dia 8 de janeiro,<\/p>\n\n\n\n<p>A decis\u00e3o atendeu ao pedido feito pela Defensoria P\u00fablica da Uni\u00e3o e da Defensoria P\u00fablica do Distrito Federal diante da quantidade de manifestantes do sexo feminino que foram presas e pela falta de espa\u00e7o na penitenci\u00e1ria de Colmeia.<\/p>\n\n\n\n<p>Mendes aceitou parcialmente o pedido e autorizou a soltura das presas atrav\u00e9s do monitoramento eletr\u00f4nico.<\/p>\n\n\n\n<p>A soltura ser\u00e1 para as prisioneiras do semiaberto que j\u00e1 estavam autorizadas a deixar a cadeia durante o dia, voltando apenas no per\u00edodo da noite.<\/p>\n\n\n\n<p>O documento assinado pelo ministro revela ainda o n\u00famero total de mulheres presas por estarem na capital federal durante os atos de vandalismo contra as sedes dos Tr\u00eas Poderes: 513.<\/p>\n","protected":false},"excerpt":{"rendered":"<p>Oitenta e cinco presas do semiaberto que estavam na Penitenci\u00e1ria Feminina do Distrito Federal, ser\u00e3o soltas ap\u00f3s decis\u00e3o do ministro Gilmar Mendes, do Supremo Tribunal Federal (STF), para dar lugar para as mulheres patriotas que estavam em Bras\u00edlia no dia 8 de janeiro, A decis\u00e3o atendeu ao pedido feito pela Defensoria P\u00fablica da Uni\u00e3o e [&hellip;]<\/p>\n","protected":false},"author":2,"featured_media":14269,"comment_status":"open","ping_status":"open","sticky":false,"template":"","format":"standard","meta":[],"categories":[10],"tags":[],"_links":{"self":[{"href":"https:\/\/dgospel.com.br\/portal\/index.php\/wp-json\/wp\/v2\/posts\/14268"}],"collection":[{"href":"https:\/\/dgospel.com.br\/portal\/index.php\/wp-json\/wp\/v2\/posts"}],"about":[{"href":"https:\/\/dgospel.com.br\/portal\/index.php\/wp-json\/wp\/v2\/types\/post"}],"author":[{"embeddable":true,"href":"https:\/\/dgospel.com.br\/portal\/index.php\/wp-json\/wp\/v2\/users\/2"}],"replies":[{"embeddable":true,"href":"https:\/\/dgospel.com.br\/portal\/index.php\/wp-json\/wp\/v2\/comments?post=14268"}],"version-history":[{"count":1,"href":"https:\/\/dgospel.com.br\/portal\/index.php\/wp-json\/wp\/v2\/posts\/14268\/revisions"}],"predecessor-version":[{"id":14270,"href":"https:\/\/dgospel.com.br\/portal\/index.php\/wp-json\/wp\/v2\/posts\/14268\/revisions\/14270"}],"wp:featuredmedia":[{"embeddable":true,"href":"https:\/\/dgospel.com.br\/portal\/index.php\/wp-json\/wp\/v2\/media\/14269"}],"wp:attachment":[{"href":"https:\/\/dgospel.com.br\/portal\/index.php\/wp-json\/wp\/v2\/media?parent=14268"}],"wp:term":[{"taxonomy":"category","embeddable":true,"href":"https:\/\/dgospel.com.br\/portal\/index.php\/wp-json\/wp\/v2\/categories?post=14268"},{"taxonomy":"post_tag","embeddable":true,"href":"https:\/\/dgospel.com.br\/portal\/index.php\/wp-json\/wp\/v2\/tags?post=14268"}],"curies":[{"name":"wp","href":"https:\/\/api.w.org\/{rel}","templated":true}]}}