{"id":14271,"date":"2023-01-17T10:04:03","date_gmt":"2023-01-17T13:04:03","guid":{"rendered":"http:\/\/dgospel.com.br\/portal\/?p=14271"},"modified":"2023-01-17T10:04:04","modified_gmt":"2023-01-17T13:04:04","slug":"tarcisio-diz-que-bolsonaro-nao-estimulou-invasao-aos-3-poderes","status":"publish","type":"post","link":"https:\/\/dgospel.com.br\/portal\/index.php\/2023\/01\/17\/tarcisio-diz-que-bolsonaro-nao-estimulou-invasao-aos-3-poderes\/","title":{"rendered":"Tarc\u00edsio diz que Bolsonaro \u201cn\u00e3o estimulou\u201d invas\u00e3o aos 3 Poderes"},"content":{"rendered":"\n<p>O governador de S\u00e3o Paulo, Tarc\u00edsio de Freitas (Republicanos), afirmou nesta segunda-feira (16) \u00e0 Ag\u00eancia EFE que o ex-presidente Jair Bolsonaro (PL) \u201cn\u00e3o estimulou\u201d os ataques contra as sedes dos Tr\u00eas Poderes, em Bras\u00edlia.<\/p>\n\n\n\n<p>Tarc\u00edsio, que est\u00e1 em Davos, na Su\u00ed\u00e7a, para participar do F\u00f3rum Econ\u00f4mico Mundial, destacou que Bolsonaro \u201ccondenou imediatamente\u201d os ataques ao Pal\u00e1cio do Planalto e \u00e0s sedes do Congresso Nacional e do Supremo Tribunal Federal (STF) cometidos no \u00faltimo dia 8 por milhares de manifestantes.<\/p>\n\n\n\n<p>\u2013 Bolsonaro nunca estimulou esse tipo de comportamento, ele sempre condenou a viol\u00eancia, sempre condenou os atos antidemocr\u00e1ticos e a depreda\u00e7\u00e3o da propriedade p\u00fablica ou privada. De forma alguma isso pode ser atribu\u00eddo a ele \u2013 disse Tarc\u00edsio, que vai apresentar seus planos econ\u00f4micos para S\u00e3o Paulo em Davos.<\/p>\n\n\n\n<p>Em 13 de janeiro, o STF incluiu Bolsonaro na lista de pessoas sob investiga\u00e7\u00e3o pelos acontecimentos de 8 de janeiro, por suposta participa\u00e7\u00e3o como autor intelectual nos atos.<\/p>\n\n\n\n<p>O governador de S\u00e3o Paulo, que foi ministro da Infraestrutura do governo Bolsonaro, disse que os ataques \u00e0s institui\u00e7\u00f5es s\u00e3o \u201cum ato isolado de alguns extremistas que n\u00e3o conta com apoio da centro-direita brasileira, nem dos bolsonaristas\u201d.<\/p>\n\n\n\n<p>\u2013 \u00c9 uma mancha para o Brasil. Mas isso n\u00e3o prejudica nossa democracia, que \u00e9 s\u00f3lida, que resiste aos ataques \u2013 declarou o governador, que tamb\u00e9m enfatizou que agora \u00e9 o momento de pensar \u201cna reconstru\u00e7\u00e3o e pacifica\u00e7\u00e3o do Brasil\u201d.<\/p>\n\n\n\n<p><strong>ANDERSON TORRES<\/strong><br>Tarc\u00edsio tamb\u00e9m falou sobre a minuta de um decreto que tentaria mudar o resultado das elei\u00e7\u00f5es de 2022 e que foi encontrada pela Pol\u00edcia Federal (PF) na casa do ex-ministro da Justi\u00e7a Anderson Torres.<\/p>\n\n\n\n<p>O governador disse n\u00e3o ter conhecimento do decreto e que \u201ca pessoa que tem que dar explica\u00e7\u00f5es\u201d \u00e9 o pr\u00f3prio Torres, que est\u00e1 preso desde o \u00faltimo fim de semana como parte da investiga\u00e7\u00e3o dos ataques de 8 de janeiro.<\/p>\n\n\n\n<p>No entanto, ele enfatizou que Bolsonaro \u201cn\u00e3o assinou esse documento\u201d e, portanto, ele n\u00e3o tem validade legal. Tarc\u00edsio enfatizou que n\u00e3o h\u00e1 necessidade de Bolsonaro voltar dos Estados Unidos, onde est\u00e1 desde 30 de dezembro, para dar explica\u00e7\u00f5es no Brasil.<\/p>\n\n\n\n<p>Ele disse que o ex-presidente \u201ctem todo o direito de descansar e ter sossego\u201d onde quer que deseje, ap\u00f3s quatro anos de governo.<\/p>\n\n\n\n<p>*EFE<\/p>\n","protected":false},"excerpt":{"rendered":"<p>O governador de S\u00e3o Paulo, Tarc\u00edsio de Freitas (Republicanos), afirmou nesta segunda-feira (16) \u00e0 Ag\u00eancia EFE que o ex-presidente Jair Bolsonaro (PL) \u201cn\u00e3o estimulou\u201d os ataques contra as sedes dos Tr\u00eas Poderes, em Bras\u00edlia. Tarc\u00edsio, que est\u00e1 em Davos, na Su\u00ed\u00e7a, para participar do F\u00f3rum Econ\u00f4mico Mundial, destacou que Bolsonaro \u201ccondenou imediatamente\u201d os ataques ao [&hellip;]<\/p>\n","protected":false},"author":2,"featured_media":14272,"comment_status":"open","ping_status":"open","sticky":false,"template":"","format":"standard","meta":[],"categories":[4],"tags":[],"_links":{"self":[{"href":"https:\/\/dgospel.com.br\/portal\/index.php\/wp-json\/wp\/v2\/posts\/14271"}],"collection":[{"href":"https:\/\/dgospel.com.br\/portal\/index.php\/wp-json\/wp\/v2\/posts"}],"about":[{"href":"https:\/\/dgospel.com.br\/portal\/index.php\/wp-json\/wp\/v2\/types\/post"}],"author":[{"embeddable":true,"href":"https:\/\/dgospel.com.br\/portal\/index.php\/wp-json\/wp\/v2\/users\/2"}],"replies":[{"embeddable":true,"href":"https:\/\/dgospel.com.br\/portal\/index.php\/wp-json\/wp\/v2\/comments?post=14271"}],"version-history":[{"count":1,"href":"https:\/\/dgospel.com.br\/portal\/index.php\/wp-json\/wp\/v2\/posts\/14271\/revisions"}],"predecessor-version":[{"id":14273,"href":"https:\/\/dgospel.com.br\/portal\/index.php\/wp-json\/wp\/v2\/posts\/14271\/revisions\/14273"}],"wp:featuredmedia":[{"embeddable":true,"href":"https:\/\/dgospel.com.br\/portal\/index.php\/wp-json\/wp\/v2\/media\/14272"}],"wp:attachment":[{"href":"https:\/\/dgospel.com.br\/portal\/index.php\/wp-json\/wp\/v2\/media?parent=14271"}],"wp:term":[{"taxonomy":"category","embeddable":true,"href":"https:\/\/dgospel.com.br\/portal\/index.php\/wp-json\/wp\/v2\/categories?post=14271"},{"taxonomy":"post_tag","embeddable":true,"href":"https:\/\/dgospel.com.br\/portal\/index.php\/wp-json\/wp\/v2\/tags?post=14271"}],"curies":[{"name":"wp","href":"https:\/\/api.w.org\/{rel}","templated":true}]}}