{"id":14274,"date":"2023-01-17T12:06:42","date_gmt":"2023-01-17T15:06:42","guid":{"rendered":"http:\/\/dgospel.com.br\/portal\/?p=14274"},"modified":"2023-01-17T12:06:43","modified_gmt":"2023-01-17T15:06:43","slug":"jair-bolsonaro-diz-que-atos-no-df-foram-inacreditaveis","status":"publish","type":"post","link":"https:\/\/dgospel.com.br\/portal\/index.php\/2023\/01\/17\/jair-bolsonaro-diz-que-atos-no-df-foram-inacreditaveis\/","title":{"rendered":"Jair Bolsonaro diz que atos no DF foram \u201cinacredit\u00e1veis\u201d"},"content":{"rendered":"\n<p>Durante conversa com apoiadores, o ex-presidente Jair Bolsonaro (PL) comentou os ataques \u00e0s sedes dos Tr\u00eas Poderes e voltou a falar sobre a defesa da liberdade.<\/p>\n\n\n\n<p>Bolsonaro est\u00e1 em Orlando, nos Estados Unidos, desde o dia 30 de dezembro e deve retornar na pr\u00f3xima semana para o Brasil.<\/p>\n\n\n\n<p>Desde que chegou \u00e0 casa do lutador de MMA Jos\u00e9 Aldo, Bolsonaro tem recebido brasileiros, conversado e tirado fotos com seus apoiadores que moram ou est\u00e3o de f\u00e9rias na cidade.<\/p>\n\n\n\n<p>\u2013 Lamento o que aconteceu dia 8, uma coisa inacredit\u00e1vel. Mas no meu governo, o pessoal aprendeu o que \u00e9 pol\u00edtica, conheceu os poderes, come\u00e7ou a dar valor \u00e0 liberdade. Eu falava para alguns sobre a liberdade, e eles diziam que era igual ao sol, nasce todo dia, mas n\u00e3o \u00e9 bem assim n\u00e3o \u2013 pontuou.<\/p>\n\n\n\n<p>O ex-presidente ser\u00e1 investigado por causa dos ataques, seu nome foi aceito nas investiga\u00e7\u00f5es pelo ministro Alexandre de Moraes, do Supremo Tribunal Federal (STF) em resposta a um pedido feito pela Procuradoria-Geral da Rep\u00fablica (PGR).<\/p>\n\n\n\n<p>O motivo foi o compartilhamento de um v\u00eddeo nas redes sociais de Bolsonaro que questionava as elei\u00e7\u00f5es. O v\u00eddeo foi apagado tr\u00eas horas ap\u00f3s a publica\u00e7\u00e3o.<\/p>\n","protected":false},"excerpt":{"rendered":"<p>Durante conversa com apoiadores, o ex-presidente Jair Bolsonaro (PL) comentou os ataques \u00e0s sedes dos Tr\u00eas Poderes e voltou a falar sobre a defesa da liberdade. Bolsonaro est\u00e1 em Orlando, nos Estados Unidos, desde o dia 30 de dezembro e deve retornar na pr\u00f3xima semana para o Brasil. Desde que chegou \u00e0 casa do lutador [&hellip;]<\/p>\n","protected":false},"author":2,"featured_media":14275,"comment_status":"open","ping_status":"open","sticky":false,"template":"","format":"standard","meta":[],"categories":[4],"tags":[],"_links":{"self":[{"href":"https:\/\/dgospel.com.br\/portal\/index.php\/wp-json\/wp\/v2\/posts\/14274"}],"collection":[{"href":"https:\/\/dgospel.com.br\/portal\/index.php\/wp-json\/wp\/v2\/posts"}],"about":[{"href":"https:\/\/dgospel.com.br\/portal\/index.php\/wp-json\/wp\/v2\/types\/post"}],"author":[{"embeddable":true,"href":"https:\/\/dgospel.com.br\/portal\/index.php\/wp-json\/wp\/v2\/users\/2"}],"replies":[{"embeddable":true,"href":"https:\/\/dgospel.com.br\/portal\/index.php\/wp-json\/wp\/v2\/comments?post=14274"}],"version-history":[{"count":1,"href":"https:\/\/dgospel.com.br\/portal\/index.php\/wp-json\/wp\/v2\/posts\/14274\/revisions"}],"predecessor-version":[{"id":14276,"href":"https:\/\/dgospel.com.br\/portal\/index.php\/wp-json\/wp\/v2\/posts\/14274\/revisions\/14276"}],"wp:featuredmedia":[{"embeddable":true,"href":"https:\/\/dgospel.com.br\/portal\/index.php\/wp-json\/wp\/v2\/media\/14275"}],"wp:attachment":[{"href":"https:\/\/dgospel.com.br\/portal\/index.php\/wp-json\/wp\/v2\/media?parent=14274"}],"wp:term":[{"taxonomy":"category","embeddable":true,"href":"https:\/\/dgospel.com.br\/portal\/index.php\/wp-json\/wp\/v2\/categories?post=14274"},{"taxonomy":"post_tag","embeddable":true,"href":"https:\/\/dgospel.com.br\/portal\/index.php\/wp-json\/wp\/v2\/tags?post=14274"}],"curies":[{"name":"wp","href":"https:\/\/api.w.org\/{rel}","templated":true}]}}