{"id":14277,"date":"2023-01-17T15:15:24","date_gmt":"2023-01-17T18:15:24","guid":{"rendered":"http:\/\/dgospel.com.br\/portal\/?p=14277"},"modified":"2023-01-17T15:15:25","modified_gmt":"2023-01-17T18:15:25","slug":"ministro-de-lula-retira-brasil-de-declaracao-internacional-contra-aborto","status":"publish","type":"post","link":"https:\/\/dgospel.com.br\/portal\/index.php\/2023\/01\/17\/ministro-de-lula-retira-brasil-de-declaracao-internacional-contra-aborto\/","title":{"rendered":"Ministro de Lula retira Brasil de declara\u00e7\u00e3o internacional contra aborto"},"content":{"rendered":"\n<p>O governo do presidente Lula decidiu retirar o Brasil de uma declara\u00e7\u00e3o internacional contra o aborto e em favor do papel da fam\u00edlia tendo como base os casais heterossexuais. A informa\u00e7\u00e3o foi confirmada, nesta ter\u00e7a-feira, 17, pelo ministro dos Direitos Humanos e da Cidadania, Silvio Almeida, ao jornal&nbsp;<em>O Globo<\/em>. Durante a campanha eleitoral, o presidente disse que, pessoalmente, era contra o aborto.<\/p>\n\n\n\n<p>O documento ficou conhecido como Declara\u00e7\u00e3o do Consenso de Genebra sobre Sa\u00fade da Mulher e Fortalecimento da Mulher. O texto afirma que \u201cn\u00e3o h\u00e1 direito internacional ao aborto nem qualquer obriga\u00e7\u00e3o internacional por parte dos Estados de financiar ou facilitar o aborto\u201d.<\/p>\n\n\n\n<p>A declara\u00e7\u00e3o, assinada pelo ex-presidente Jair Bolsonaro em 2020, marcou um alinhamento do ex-chefe do Executivo com o ent\u00e3o presidente dos EUA Donald Trump. A pauta antiaborto \u00e9 muito importante para a base conservadora e crist\u00e3 de ambos os governos. Ao todo, 36 pa\u00edses assinaram a declara\u00e7\u00e3o de Genebra, como: Egito, Hungria, Indon\u00e9sia, Ar\u00e1bia Saudita, Paquist\u00e3o e Uganda.<\/p>\n\n\n\n<p>\u201cN\u00e3o se trata apenas da sa\u00edda do governo brasileiro dessa declara\u00e7\u00e3o, mas da aproxima\u00e7\u00e3o do Brasil com outras entidades que de fato se preocupam com os direitos humanos e que t\u00eam uma tradi\u00e7\u00e3o na cria\u00e7\u00e3o de um ambiente pol\u00edtico em que o di\u00e1logo e o respeito \u00e0s minorias seja a t\u00f4nica\u201d, disse Almeida.<\/p>\n\n\n\n<p>A sa\u00edda do Brasil da declara\u00e7\u00e3o contra o aborto ocorre um dia depois do<a href=\"https:\/\/revistaoeste.com\/politica\/ministerio-da-saude-revoga-portaria-sobre-aborto\/\" target=\"_blank\" rel=\"noreferrer noopener\"><strong>&nbsp;Minist\u00e9rio da Sa\u00fade revogar uma norma sobre o aborto<\/strong><\/a>. Al\u00e9m disso, marca mais uma mudan\u00e7a de postura do governo Lula favor\u00e1vel ao aborto no pa\u00eds.<\/p>\n\n\n\n<h2>Aborto no Brasil<\/h2>\n\n\n\n<p>No Brasil, o aborto \u00e9 permitido por lei quando a gravidez \u00e9 resultado de estupro, indica risco de vida \u00e0 gestante ou se o beb\u00ea \u00e9 diagnosticado com anencefalia \u2014 malforma\u00e7\u00e3o cerebral durante a gesta\u00e7\u00e3o. Caso a m\u00e3e n\u00e3o esteja em nenhuma dessas situa\u00e7\u00f5es, o aborto \u00e9 considerado crime.<\/p>\n\n\n\n<p>Neste ano, a descriminaliza\u00e7\u00e3o do aborto \u00e9 um dos temas que podem ser enfrentados pelo&nbsp;<a href=\"https:\/\/portal.stf.jus.br\/\" target=\"_blank\" rel=\"noreferrer noopener\"><strong>Supremo Tribunal Federal (STF)<\/strong><\/a>. A quest\u00e3o \u00e9 alvo de uma a\u00e7\u00e3o apresentada pelo Psol em 2017, que aguarda um julgamento no plen\u00e1rio do tribunal.<\/p>\n\n\n\n<p>A ministra Rosa Weber, presidente do STF, \u00e9 a relatora do caso e decidiu lev\u00e1-lo para o gabinete da presid\u00eancia quando assumiu a gest\u00e3o do tribunal. Tal ato pode indicar que a magistrada pretende pautar a a\u00e7\u00e3o antes de sua aposentadoria, em outubro de 2023.<\/p>\n","protected":false},"excerpt":{"rendered":"<p>O governo do presidente Lula decidiu retirar o Brasil de uma declara\u00e7\u00e3o internacional contra o aborto e em favor do papel da fam\u00edlia tendo como base os casais heterossexuais. A informa\u00e7\u00e3o foi confirmada, nesta ter\u00e7a-feira, 17, pelo ministro dos Direitos Humanos e da Cidadania, Silvio Almeida, ao jornal&nbsp;O Globo. Durante a campanha eleitoral, o presidente [&hellip;]<\/p>\n","protected":false},"author":2,"featured_media":14278,"comment_status":"open","ping_status":"open","sticky":false,"template":"","format":"standard","meta":[],"categories":[10],"tags":[13],"_links":{"self":[{"href":"https:\/\/dgospel.com.br\/portal\/index.php\/wp-json\/wp\/v2\/posts\/14277"}],"collection":[{"href":"https:\/\/dgospel.com.br\/portal\/index.php\/wp-json\/wp\/v2\/posts"}],"about":[{"href":"https:\/\/dgospel.com.br\/portal\/index.php\/wp-json\/wp\/v2\/types\/post"}],"author":[{"embeddable":true,"href":"https:\/\/dgospel.com.br\/portal\/index.php\/wp-json\/wp\/v2\/users\/2"}],"replies":[{"embeddable":true,"href":"https:\/\/dgospel.com.br\/portal\/index.php\/wp-json\/wp\/v2\/comments?post=14277"}],"version-history":[{"count":1,"href":"https:\/\/dgospel.com.br\/portal\/index.php\/wp-json\/wp\/v2\/posts\/14277\/revisions"}],"predecessor-version":[{"id":14279,"href":"https:\/\/dgospel.com.br\/portal\/index.php\/wp-json\/wp\/v2\/posts\/14277\/revisions\/14279"}],"wp:featuredmedia":[{"embeddable":true,"href":"https:\/\/dgospel.com.br\/portal\/index.php\/wp-json\/wp\/v2\/media\/14278"}],"wp:attachment":[{"href":"https:\/\/dgospel.com.br\/portal\/index.php\/wp-json\/wp\/v2\/media?parent=14277"}],"wp:term":[{"taxonomy":"category","embeddable":true,"href":"https:\/\/dgospel.com.br\/portal\/index.php\/wp-json\/wp\/v2\/categories?post=14277"},{"taxonomy":"post_tag","embeddable":true,"href":"https:\/\/dgospel.com.br\/portal\/index.php\/wp-json\/wp\/v2\/tags?post=14277"}],"curies":[{"name":"wp","href":"https:\/\/api.w.org\/{rel}","templated":true}]}}