{"id":1428,"date":"2018-09-25T09:02:09","date_gmt":"2018-09-25T12:02:09","guid":{"rendered":"http:\/\/dgospel.com.br\/portal\/?p=1428"},"modified":"2018-09-25T09:02:09","modified_gmt":"2018-09-25T12:02:09","slug":"prefeita-cinthia-ribeiro-discute-projetos-de-interesses-de-palmas-com-ministro-das-cidades","status":"publish","type":"post","link":"https:\/\/dgospel.com.br\/portal\/index.php\/2018\/09\/25\/prefeita-cinthia-ribeiro-discute-projetos-de-interesses-de-palmas-com-ministro-das-cidades\/","title":{"rendered":"Prefeita Cinthia Ribeiro discute projetos de interesses de Palmas com ministro das Cidades"},"content":{"rendered":"<p class=\"yiv1432472582MsoNormal\">A prefeita Cinthia Ribeiro foi recebida na tarde desta segunda-feira, 24, pelo ministro das Cidades, Alexandre Baldy, em Bras\u00edli. Na oportunidade, a gestora solicitou a contrata\u00e7\u00e3o de mais\u00a0500 unidades habitacionais, por meio do programa Minha Casa Minha Vida, e a constru\u00e7\u00e3o de um Centro Municipal de Educa\u00e7\u00e3o Infantil (Cmei) no Jardim Vit\u00f3ria. Durante a audi\u00eancia, foi discutido ainda\u00a0o andamento do conv\u00eanio para constru\u00e7\u00e3o do BRT &#8211; Bus Rapid Transit, de Palmas.<\/p>\n<p class=\"yiv1432472582MsoNormal\">\u201cFoi uma audi\u00eancia muito produtiva esta com o ministro Baldy. Sa\u00edmos confiantes de que os nossos projetos ser\u00e3o tratados com prioridade e ter\u00e3o a resposta que desejamos. Acreditamos que estas obras podem contribuir para o desenvolvimento econ\u00f4mico e social de Palmas. Ambas t\u00eam a possibilidade de gerar emprego e integrar as fam\u00edlias da Capital\u201d, avalia a prefeita Cinthia Ribeiro.<\/p>\n<p class=\"yiv1432472582MsoNormal\">A agenda com o ministro foi articulada em conjunto com o\u00a0presidente da Federa\u00e7\u00e3o da Ind\u00fastria do Estado do Tocantins (Fieto), Roberto Pires. A prefeita Cinthia Ribeiro estava acompanhada dos secret\u00e1rios municipais\u00a0de Infraestrutura e Servi\u00e7os P\u00fablicos, Ant\u00f4nio Trabulsi,\u00a0de Governo e Rela\u00e7\u00f5es Institucionais C\u00e9sar Augusto Guimar\u00e3es e de Assuntos Estrat\u00e9gicos, Capta\u00e7\u00e3o de Recursos e Energias Sustent\u00e1veis e de Habita\u00e7\u00e3o, F\u00e1bio Frantz.<\/p>\n<p class=\"yiv1432472582MsoNormal\">Ao final da audi\u00eancia, a prefeita convidou Baldy para conhecer os empreendimentos na Capital, compromisso firmado pelo ministro para ap\u00f3s o per\u00edodo eleitoral. J\u00e1 na ter\u00e7a-feira, 25, a prefeita Cinthia Ribeiro e sua comitiva se re\u00fane com o presidente do Tribunal de Contas da Uni\u00e3o (TCU), Raimundo Carreiro e ministro relator do processo do BRT, Andr\u00e9 Lu\u00eds de Carvalho.<\/p>\n<p class=\"yiv1432472582MsoNormal\">\n<p class=\"yiv1432472582MsoNormal\"><b>Jardim Vit\u00f3ria<\/b><\/p>\n<p class=\"yiv1432472582MsoNormal\">O Jardim Vit\u00f3ria \u00e9 um projeto concebido dentro de uma vis\u00e3o integral, com oferta de servi\u00e7os e infraestrutura, com equipamentos p\u00fablicos como pra\u00e7a, quadra de areia;<i>playground<\/i>\u00a0infantil; \u00e1rea de conviv\u00eancia e paisagismo. Na primeira etapa j\u00e1 est\u00e3o sendo constru\u00eddas 500 casas com 44,58 m\u00b2, adapt\u00e1veis e gera\u00e7\u00e3o de energia solar.++<\/p>\n","protected":false},"excerpt":{"rendered":"<p>A prefeita Cinthia Ribeiro foi recebida na tarde desta segunda-feira, 24, pelo ministro das Cidades, Alexandre Baldy, em Bras\u00edli. Na oportunidade, a gestora solicitou a contrata\u00e7\u00e3o de mais\u00a0500 unidades habitacionais, por meio do programa Minha Casa Minha Vida, e a constru\u00e7\u00e3o de um Centro Municipal de Educa\u00e7\u00e3o Infantil (Cmei) no Jardim Vit\u00f3ria. Durante a audi\u00eancia, [&hellip;]<\/p>\n","protected":false},"author":2,"featured_media":1429,"comment_status":"open","ping_status":"open","sticky":false,"template":"","format":"standard","meta":[],"categories":[2,3],"tags":[],"_links":{"self":[{"href":"https:\/\/dgospel.com.br\/portal\/index.php\/wp-json\/wp\/v2\/posts\/1428"}],"collection":[{"href":"https:\/\/dgospel.com.br\/portal\/index.php\/wp-json\/wp\/v2\/posts"}],"about":[{"href":"https:\/\/dgospel.com.br\/portal\/index.php\/wp-json\/wp\/v2\/types\/post"}],"author":[{"embeddable":true,"href":"https:\/\/dgospel.com.br\/portal\/index.php\/wp-json\/wp\/v2\/users\/2"}],"replies":[{"embeddable":true,"href":"https:\/\/dgospel.com.br\/portal\/index.php\/wp-json\/wp\/v2\/comments?post=1428"}],"version-history":[{"count":1,"href":"https:\/\/dgospel.com.br\/portal\/index.php\/wp-json\/wp\/v2\/posts\/1428\/revisions"}],"predecessor-version":[{"id":1430,"href":"https:\/\/dgospel.com.br\/portal\/index.php\/wp-json\/wp\/v2\/posts\/1428\/revisions\/1430"}],"wp:featuredmedia":[{"embeddable":true,"href":"https:\/\/dgospel.com.br\/portal\/index.php\/wp-json\/wp\/v2\/media\/1429"}],"wp:attachment":[{"href":"https:\/\/dgospel.com.br\/portal\/index.php\/wp-json\/wp\/v2\/media?parent=1428"}],"wp:term":[{"taxonomy":"category","embeddable":true,"href":"https:\/\/dgospel.com.br\/portal\/index.php\/wp-json\/wp\/v2\/categories?post=1428"},{"taxonomy":"post_tag","embeddable":true,"href":"https:\/\/dgospel.com.br\/portal\/index.php\/wp-json\/wp\/v2\/tags?post=1428"}],"curies":[{"name":"wp","href":"https:\/\/api.w.org\/{rel}","templated":true}]}}