{"id":14292,"date":"2023-01-18T21:32:07","date_gmt":"2023-01-19T00:32:07","guid":{"rendered":"http:\/\/dgospel.com.br\/portal\/?p=14292"},"modified":"2023-01-18T21:32:09","modified_gmt":"2023-01-19T00:32:09","slug":"lula-e-contra-cpi-para-investigar-manifestacoes-em-brasilia","status":"publish","type":"post","link":"https:\/\/dgospel.com.br\/portal\/index.php\/2023\/01\/18\/lula-e-contra-cpi-para-investigar-manifestacoes-em-brasilia\/","title":{"rendered":"Lula \u00e9 contra CPI para investigar manifesta\u00e7\u00f5es em Bras\u00edlia"},"content":{"rendered":"\n<p>Nesta quarta-feira (18), durante entrevista \u00e0 GloboNews, o presidente Luiz In\u00e1cio Lula da Silva se mostrou contr\u00e1rio a cria\u00e7\u00e3o de uma Comiss\u00e3o Parlamentar de Inqu\u00e9rito (CPI) sobre os protestos ocorridos em 8 janeiro em Bras\u00edlia. Para o petista, essa CPI poderia criar uma \u201cconfus\u00e3o tremenda\u201d na apura\u00e7\u00e3o do epis\u00f3dio.<\/p>\n\n\n\n<p>Durante os protestos, manifestantes invadiram os pr\u00e9dios dos tr\u00eas poderes na capital federal e deixaram um rastro de destrui\u00e7\u00e3o. O epis\u00f3dio levou ao afastamento e pris\u00e3o do ent\u00e3o secret\u00e1rio de Seguran\u00e7a, Anderson Torres, ao afastamento do governador do Distrito Federal, Ibaneis Rocha, e ainda \u00e0 pris\u00e3o de diversos manifestantes.<\/p>\n\n\n\n<p>Ao comentar a possibilidade de uma CPI, Lula afirmou que o momento n\u00e3o \u00e9 de \u201cconfus\u00e3o\u201d.<\/p>\n\n\n\n<p>\u2013 N\u00f3s temos instrumentos para fiscalizar o que aconteceu nesse pa\u00eds. Uma comiss\u00e3o de inqu\u00e9rito pode n\u00e3o ajudar e ela pode criar uma confus\u00e3o tremenda, sabe? N\u00f3s n\u00e3o precisamos disso agora \u2013 apontou.<\/p>\n\n\n\n<p>O Senado j\u00e1 tem um requerimento para a cria\u00e7\u00e3o de uma CPI com mais de 27 assinaturas. A medida foi apresentada pela senadora Soraya Thronicke (Uni\u00e3o Brasil-MS), que defende uma investiga\u00e7\u00e3o sobre os respons\u00e1veis por organizar e financiar os manifestantes.<\/p>\n\n\n\n<p>Apesar de se mostrar contra uma CPI, Lula disse que \u00e9 uma decis\u00e3o do Congresso.<\/p>\n\n\n\n<p>\u2013 \u00c9 uma decis\u00e3o do Congresso Nacional, n\u00e3o \u00e9 minha. Portanto, os partidos pol\u00edticos, na C\u00e2mara e no Senado \u00e9 que v\u00e3o decidir. Se, por acaso, eles me pedissem um conselho, que \u00e9 dif\u00edcil pedir conselho, eu dizia: \u201cn\u00e3o fa\u00e7am CPI, porque n\u00e3o vai ajudar (\u2026) O que n\u00f3s podemos investigar numa CPI que a gente n\u00e3o possa investigar aqui e agora? N\u00f3s estamos investigando, tem mil e trezentas pessoas presas (\u2026) O que voc\u00ea pensa que a gente vai ganhar com uma CPI \u2013 ressaltou.<\/p>\n","protected":false},"excerpt":{"rendered":"<p>Nesta quarta-feira (18), durante entrevista \u00e0 GloboNews, o presidente Luiz In\u00e1cio Lula da Silva se mostrou contr\u00e1rio a cria\u00e7\u00e3o de uma Comiss\u00e3o Parlamentar de Inqu\u00e9rito (CPI) sobre os protestos ocorridos em 8 janeiro em Bras\u00edlia. Para o petista, essa CPI poderia criar uma \u201cconfus\u00e3o tremenda\u201d na apura\u00e7\u00e3o do epis\u00f3dio. Durante os protestos, manifestantes invadiram os [&hellip;]<\/p>\n","protected":false},"author":2,"featured_media":14293,"comment_status":"open","ping_status":"open","sticky":false,"template":"","format":"standard","meta":[],"categories":[4],"tags":[],"_links":{"self":[{"href":"https:\/\/dgospel.com.br\/portal\/index.php\/wp-json\/wp\/v2\/posts\/14292"}],"collection":[{"href":"https:\/\/dgospel.com.br\/portal\/index.php\/wp-json\/wp\/v2\/posts"}],"about":[{"href":"https:\/\/dgospel.com.br\/portal\/index.php\/wp-json\/wp\/v2\/types\/post"}],"author":[{"embeddable":true,"href":"https:\/\/dgospel.com.br\/portal\/index.php\/wp-json\/wp\/v2\/users\/2"}],"replies":[{"embeddable":true,"href":"https:\/\/dgospel.com.br\/portal\/index.php\/wp-json\/wp\/v2\/comments?post=14292"}],"version-history":[{"count":1,"href":"https:\/\/dgospel.com.br\/portal\/index.php\/wp-json\/wp\/v2\/posts\/14292\/revisions"}],"predecessor-version":[{"id":14294,"href":"https:\/\/dgospel.com.br\/portal\/index.php\/wp-json\/wp\/v2\/posts\/14292\/revisions\/14294"}],"wp:featuredmedia":[{"embeddable":true,"href":"https:\/\/dgospel.com.br\/portal\/index.php\/wp-json\/wp\/v2\/media\/14293"}],"wp:attachment":[{"href":"https:\/\/dgospel.com.br\/portal\/index.php\/wp-json\/wp\/v2\/media?parent=14292"}],"wp:term":[{"taxonomy":"category","embeddable":true,"href":"https:\/\/dgospel.com.br\/portal\/index.php\/wp-json\/wp\/v2\/categories?post=14292"},{"taxonomy":"post_tag","embeddable":true,"href":"https:\/\/dgospel.com.br\/portal\/index.php\/wp-json\/wp\/v2\/tags?post=14292"}],"curies":[{"name":"wp","href":"https:\/\/api.w.org\/{rel}","templated":true}]}}