{"id":14295,"date":"2023-01-18T21:36:02","date_gmt":"2023-01-19T00:36:02","guid":{"rendered":"http:\/\/dgospel.com.br\/portal\/?p=14295"},"modified":"2023-01-18T21:36:03","modified_gmt":"2023-01-19T00:36:03","slug":"marina-silva-afirma-que-mais-da-metade-do-brasil-passa-fome","status":"publish","type":"post","link":"https:\/\/dgospel.com.br\/portal\/index.php\/2023\/01\/18\/marina-silva-afirma-que-mais-da-metade-do-brasil-passa-fome\/","title":{"rendered":"Marina Silva afirma que mais da metade do Brasil passa fome"},"content":{"rendered":"\n<p>A ministra do Meio Ambiente, Marina Silva, disse durante um painel no F\u00f3rum Econ\u00f4mico Mundial, em Davos, na Su\u00ed\u00e7a, que mais da metade do Brasil est\u00e1 passando fome. Os n\u00fameros foram apresentados para o mundo, nesta ter\u00e7a-feira (17), e n\u00e3o h\u00e1 nenhum dado oficial que possa confirmar tal afirma\u00e7\u00e3o.<\/p>\n\n\n\n<p>\u2013 O mundo \u00e9 desigual. No meu pa\u00eds, tem 120 milh\u00f5es de pessoas passando fome \u2013 disse a ex-senadora.<\/p>\n\n\n\n<p>Durante o per\u00edodo eleitoral, o ent\u00e3o candidato \u00e0 Presid\u00eancia Luiz In\u00e1cio Lula da Silva (PT) falava sobre o n\u00famero de 33 milh\u00f5es de brasileiros que n\u00e3o tinham o que comer.<\/p>\n\n\n\n<p>O n\u00famero usava como dados um relat\u00f3rio da Rede Brasileira de Pesquisa em Soberania e Seguran\u00e7a Alimentar e Nutricional (Pensann) elaborado com apoio de ONGs ligadas a partidos de esquerda.<\/p>\n\n\n\n<p>A mesma rede declarou que 125 milh\u00f5es de pessoas n\u00e3o t\u00eam o que comer nas tr\u00eas refei\u00e7\u00f5es di\u00e1rias necess\u00e1rias, de onde a atual ministra provavelmente tirou a informa\u00e7\u00e3o repassada no evento. Para chegar a esses n\u00fameros, a Pensann ouviu 12.745 brasileiros.<\/p>\n\n\n\n<p><strong>DADOS BANCO MUNDIAL DESMENTEM A MINISTRA<\/strong><br>As informa\u00e7\u00f5es utilizadas pela ministra s\u00e3o diferentes do que foi revelado pelo Banco Mundial que mostra uma redu\u00e7\u00e3o significativa da mis\u00e9ria no Brasil nos \u00faltimos anos.<\/p>\n\n\n\n<p>Os dados de 2020 mostram que 1,9% dos brasileiros \u2013 4 milh\u00f5es de pessoas \u2013 viviam com menos de 2,15 d\u00f3lares por dia. Esse n\u00famero era inferior ao registrado em 2019, quando 11 milh\u00f5es de pessoas estavam nesta situa\u00e7\u00e3o.<\/p>\n\n\n\n<p>Sendo assim, as informa\u00e7\u00f5es repassadas por Marina Silva n\u00e3o correspondem \u00e0 realidade sobre a pobreza no pa\u00eds.<\/p>\n","protected":false},"excerpt":{"rendered":"<p>A ministra do Meio Ambiente, Marina Silva, disse durante um painel no F\u00f3rum Econ\u00f4mico Mundial, em Davos, na Su\u00ed\u00e7a, que mais da metade do Brasil est\u00e1 passando fome. Os n\u00fameros foram apresentados para o mundo, nesta ter\u00e7a-feira (17), e n\u00e3o h\u00e1 nenhum dado oficial que possa confirmar tal afirma\u00e7\u00e3o. \u2013 O mundo \u00e9 desigual. No [&hellip;]<\/p>\n","protected":false},"author":2,"featured_media":14296,"comment_status":"open","ping_status":"open","sticky":false,"template":"","format":"standard","meta":[],"categories":[10],"tags":[],"_links":{"self":[{"href":"https:\/\/dgospel.com.br\/portal\/index.php\/wp-json\/wp\/v2\/posts\/14295"}],"collection":[{"href":"https:\/\/dgospel.com.br\/portal\/index.php\/wp-json\/wp\/v2\/posts"}],"about":[{"href":"https:\/\/dgospel.com.br\/portal\/index.php\/wp-json\/wp\/v2\/types\/post"}],"author":[{"embeddable":true,"href":"https:\/\/dgospel.com.br\/portal\/index.php\/wp-json\/wp\/v2\/users\/2"}],"replies":[{"embeddable":true,"href":"https:\/\/dgospel.com.br\/portal\/index.php\/wp-json\/wp\/v2\/comments?post=14295"}],"version-history":[{"count":1,"href":"https:\/\/dgospel.com.br\/portal\/index.php\/wp-json\/wp\/v2\/posts\/14295\/revisions"}],"predecessor-version":[{"id":14297,"href":"https:\/\/dgospel.com.br\/portal\/index.php\/wp-json\/wp\/v2\/posts\/14295\/revisions\/14297"}],"wp:featuredmedia":[{"embeddable":true,"href":"https:\/\/dgospel.com.br\/portal\/index.php\/wp-json\/wp\/v2\/media\/14296"}],"wp:attachment":[{"href":"https:\/\/dgospel.com.br\/portal\/index.php\/wp-json\/wp\/v2\/media?parent=14295"}],"wp:term":[{"taxonomy":"category","embeddable":true,"href":"https:\/\/dgospel.com.br\/portal\/index.php\/wp-json\/wp\/v2\/categories?post=14295"},{"taxonomy":"post_tag","embeddable":true,"href":"https:\/\/dgospel.com.br\/portal\/index.php\/wp-json\/wp\/v2\/tags?post=14295"}],"curies":[{"name":"wp","href":"https:\/\/api.w.org\/{rel}","templated":true}]}}