{"id":14304,"date":"2023-01-18T21:57:34","date_gmt":"2023-01-19T00:57:34","guid":{"rendered":"http:\/\/dgospel.com.br\/portal\/?p=14304"},"modified":"2023-01-18T21:57:35","modified_gmt":"2023-01-19T00:57:35","slug":"quem-chama-o-impeachment-de-dilma-de-golpe-ataca-a-democracia-no-brasil-afirma-psdb","status":"publish","type":"post","link":"https:\/\/dgospel.com.br\/portal\/index.php\/2023\/01\/18\/quem-chama-o-impeachment-de-dilma-de-golpe-ataca-a-democracia-no-brasil-afirma-psdb\/","title":{"rendered":"\u201cQuem chama o impeachment de Dilma de golpe ataca a democracia no Brasil\u201d, afirma PSDB"},"content":{"rendered":"\n<p>Nesta quarta-feira (18), o perfil oficial do PSDB do Twitter, criticou o discurso do governo Lula (PT) que desde a campanha eleitora de 2022 vem chamando de \u201cgolpe\u201d o impeachment da ex-presidente Dilma Rousseff (PT). A sigla classificou as afirma\u00e7\u00f5es como \u201cdiscurso extremista\u201d.<\/p>\n\n\n\n<p>\u201cQuem chama o impeachment de Dilma de golpe ataca a democracia no Brasil, o Congresso e o STF. \u00c9 um discurso extremista\u201d, afirmou partido.<\/p>\n\n\n\n<p>O termo \u201cgolpe\u201d foi utilizado na publica\u00e7\u00e3o da EBC, ao anunciar a nova presidente da empresa p\u00fablica federal, Kariane Costa.\u00a0\u201cTamb\u00e9m foram indicadas para o processo de transi\u00e7\u00e3o na EBC outras quatro mulheres que assumir\u00e3o cargos de gest\u00e3o: Juliana C\u00e9zar Nunes, trabalhadora concursada da EBC; Rita Freire, presidente do Conselho Curador da EBC cassado ap\u00f3s o \u2018golpe de 2016\u2019; e as jornalistas Nicole Briones e Fl\u00e1via Filipini\u201d, diz a publica\u00e7\u00e3o.<\/p>\n\n\n\n<p><\/p>\n\n\n\n<figure class=\"wp-block-image size-full\"><img loading=\"lazy\" width=\"509\" height=\"498\" src=\"http:\/\/dgospel.com.br\/portal\/wp-content\/uploads\/2023\/01\/000000000000000000000000000000.jpg\" alt=\"\" class=\"wp-image-14305\" srcset=\"https:\/\/dgospel.com.br\/portal\/wp-content\/uploads\/2023\/01\/000000000000000000000000000000.jpg 509w, https:\/\/dgospel.com.br\/portal\/wp-content\/uploads\/2023\/01\/000000000000000000000000000000-300x294.jpg 300w\" sizes=\"(max-width: 509px) 100vw, 509px\" \/><\/figure>\n","protected":false},"excerpt":{"rendered":"<p>Nesta quarta-feira (18), o perfil oficial do PSDB do Twitter, criticou o discurso do governo Lula (PT) que desde a campanha eleitora de 2022 vem chamando de \u201cgolpe\u201d o impeachment da ex-presidente Dilma Rousseff (PT). A sigla classificou as afirma\u00e7\u00f5es como \u201cdiscurso extremista\u201d. \u201cQuem chama o impeachment de Dilma de golpe ataca a democracia no [&hellip;]<\/p>\n","protected":false},"author":2,"featured_media":14306,"comment_status":"open","ping_status":"open","sticky":false,"template":"","format":"standard","meta":[],"categories":[4],"tags":[],"_links":{"self":[{"href":"https:\/\/dgospel.com.br\/portal\/index.php\/wp-json\/wp\/v2\/posts\/14304"}],"collection":[{"href":"https:\/\/dgospel.com.br\/portal\/index.php\/wp-json\/wp\/v2\/posts"}],"about":[{"href":"https:\/\/dgospel.com.br\/portal\/index.php\/wp-json\/wp\/v2\/types\/post"}],"author":[{"embeddable":true,"href":"https:\/\/dgospel.com.br\/portal\/index.php\/wp-json\/wp\/v2\/users\/2"}],"replies":[{"embeddable":true,"href":"https:\/\/dgospel.com.br\/portal\/index.php\/wp-json\/wp\/v2\/comments?post=14304"}],"version-history":[{"count":1,"href":"https:\/\/dgospel.com.br\/portal\/index.php\/wp-json\/wp\/v2\/posts\/14304\/revisions"}],"predecessor-version":[{"id":14307,"href":"https:\/\/dgospel.com.br\/portal\/index.php\/wp-json\/wp\/v2\/posts\/14304\/revisions\/14307"}],"wp:featuredmedia":[{"embeddable":true,"href":"https:\/\/dgospel.com.br\/portal\/index.php\/wp-json\/wp\/v2\/media\/14306"}],"wp:attachment":[{"href":"https:\/\/dgospel.com.br\/portal\/index.php\/wp-json\/wp\/v2\/media?parent=14304"}],"wp:term":[{"taxonomy":"category","embeddable":true,"href":"https:\/\/dgospel.com.br\/portal\/index.php\/wp-json\/wp\/v2\/categories?post=14304"},{"taxonomy":"post_tag","embeddable":true,"href":"https:\/\/dgospel.com.br\/portal\/index.php\/wp-json\/wp\/v2\/tags?post=14304"}],"curies":[{"name":"wp","href":"https:\/\/api.w.org\/{rel}","templated":true}]}}