{"id":14308,"date":"2023-01-18T22:00:31","date_gmt":"2023-01-19T01:00:31","guid":{"rendered":"http:\/\/dgospel.com.br\/portal\/?p=14308"},"modified":"2023-01-18T22:00:33","modified_gmt":"2023-01-19T01:00:33","slug":"haddad-fala-em-boicote-a-empresas-por-questoes-ideologicas","status":"publish","type":"post","link":"https:\/\/dgospel.com.br\/portal\/index.php\/2023\/01\/18\/haddad-fala-em-boicote-a-empresas-por-questoes-ideologicas\/","title":{"rendered":"Haddad fala em boicote a empresas por quest\u00f5es ideol\u00f3gicas"},"content":{"rendered":"\n<p>O ministro da Fazenda, Fernando Haddad, falou sobre boicote a empresas por quest\u00f5es ideol\u00f3gicas. As declara\u00e7\u00f5es foram dadas durante sua participa\u00e7\u00e3o no F\u00f3rum Econ\u00f4mico Mundial, em Davos, na Su\u00ed\u00e7a.<\/p>\n\n\n\n<p>Haddad disse que n\u00e3o consome sem estar atento a qual produto est\u00e1 adquirindo.<\/p>\n\n\n\n<p>\u2013 At\u00e9 como consumidores, n\u00f3s temos condi\u00e7\u00e3o de pressionar. No Brasil, em fun\u00e7\u00e3o do engajamento de algumas empresas com o governo extremista, que foi derrotado, muita gente deixou de consumir os produtos dessas empresas. Eu sou um que n\u00e3o consumo sem prestar aten\u00e7\u00e3o em qual produto estou adquirindo. N\u00e3o compro nem um palito de f\u00f3sforo de uma empresa que n\u00e3o tenha compromisso com as minhas quest\u00f5es \u2013 afirmou.<\/p>\n\n\n\n<p>O evento re\u00fane l\u00edderes pol\u00edticos de todo o mundo, al\u00e9m de representantes de empresas, da sociedade civil, ativistas e jornalistas, para debates sobre assuntos relacionados a economia, conforme informa\u00e7\u00f5es da Revista Oeste.<\/p>\n\n\n\n<figure class=\"wp-block-image\"><img src=\"https:\/\/static.cdn.pleno.news\/2023\/01\/Screenshot-2023-01-18T111757.840.png\" alt=\"\" class=\"wp-image-1075487\"\/><\/figure>\n\n\n\n<figure class=\"wp-block-image\"><img src=\"https:\/\/static.cdn.pleno.news\/2023\/01\/Screenshot-2023-01-18T104709.570.png\" alt=\"\" class=\"wp-image-1075452\"\/><\/figure>\n","protected":false},"excerpt":{"rendered":"<p>O ministro da Fazenda, Fernando Haddad, falou sobre boicote a empresas por quest\u00f5es ideol\u00f3gicas. As declara\u00e7\u00f5es foram dadas durante sua participa\u00e7\u00e3o no F\u00f3rum Econ\u00f4mico Mundial, em Davos, na Su\u00ed\u00e7a. Haddad disse que n\u00e3o consome sem estar atento a qual produto est\u00e1 adquirindo. \u2013 At\u00e9 como consumidores, n\u00f3s temos condi\u00e7\u00e3o de pressionar. No Brasil, em fun\u00e7\u00e3o [&hellip;]<\/p>\n","protected":false},"author":2,"featured_media":14309,"comment_status":"open","ping_status":"open","sticky":false,"template":"","format":"standard","meta":[],"categories":[4],"tags":[13],"_links":{"self":[{"href":"https:\/\/dgospel.com.br\/portal\/index.php\/wp-json\/wp\/v2\/posts\/14308"}],"collection":[{"href":"https:\/\/dgospel.com.br\/portal\/index.php\/wp-json\/wp\/v2\/posts"}],"about":[{"href":"https:\/\/dgospel.com.br\/portal\/index.php\/wp-json\/wp\/v2\/types\/post"}],"author":[{"embeddable":true,"href":"https:\/\/dgospel.com.br\/portal\/index.php\/wp-json\/wp\/v2\/users\/2"}],"replies":[{"embeddable":true,"href":"https:\/\/dgospel.com.br\/portal\/index.php\/wp-json\/wp\/v2\/comments?post=14308"}],"version-history":[{"count":1,"href":"https:\/\/dgospel.com.br\/portal\/index.php\/wp-json\/wp\/v2\/posts\/14308\/revisions"}],"predecessor-version":[{"id":14310,"href":"https:\/\/dgospel.com.br\/portal\/index.php\/wp-json\/wp\/v2\/posts\/14308\/revisions\/14310"}],"wp:featuredmedia":[{"embeddable":true,"href":"https:\/\/dgospel.com.br\/portal\/index.php\/wp-json\/wp\/v2\/media\/14309"}],"wp:attachment":[{"href":"https:\/\/dgospel.com.br\/portal\/index.php\/wp-json\/wp\/v2\/media?parent=14308"}],"wp:term":[{"taxonomy":"category","embeddable":true,"href":"https:\/\/dgospel.com.br\/portal\/index.php\/wp-json\/wp\/v2\/categories?post=14308"},{"taxonomy":"post_tag","embeddable":true,"href":"https:\/\/dgospel.com.br\/portal\/index.php\/wp-json\/wp\/v2\/tags?post=14308"}],"curies":[{"name":"wp","href":"https:\/\/api.w.org\/{rel}","templated":true}]}}