{"id":1431,"date":"2018-09-25T09:29:23","date_gmt":"2018-09-25T12:29:23","guid":{"rendered":"http:\/\/dgospel.com.br\/portal\/?p=1431"},"modified":"2018-09-25T09:29:23","modified_gmt":"2018-09-25T12:29:23","slug":"convencao-liderada-pelo-pastor-claudemir-lopes-declara-apoio-a-mauro-carlesse","status":"publish","type":"post","link":"https:\/\/dgospel.com.br\/portal\/index.php\/2018\/09\/25\/convencao-liderada-pelo-pastor-claudemir-lopes-declara-apoio-a-mauro-carlesse\/","title":{"rendered":"Conven\u00e7\u00e3o liderada pelo pastor Claudemir Lopes declara apoio a Mauro Carlesse"},"content":{"rendered":"<p>O governador e candidato \u00e0 reelei\u00e7\u00e3o, Mauro Carlesse, recebeu no final da tarde desta segunda-feira, 24, o apoio de pastores membros da\u00a0COIMADETINS &#8211; Conven\u00e7\u00e3o das Igrejas e Ministros das Assembleias de DEUS do Tocantins, liderados pelo Pastor Claudemir Lopes. \u201cEstamos juntos com o governador no projeto de reelei\u00e7\u00e3o, por acreditar ser o melhor para o Tocantins. Esse estado precisa de tranquilidade para se desenvolver, e n\u00f3s da Conven\u00e7\u00e3o acreditamos em boas parcerias institucionais com o Governo, principalmente na \u00e1rea social, em especial, na habita\u00e7\u00e3o\u201d, disse Claudemir.<\/p>\n<p>Carlesse declarou aos pastores que seu governo est\u00e1 aberto \u00e0s parcerias e que as igrejas tem um papel muito importante no trabalho de atender as comunidades que mais precisam. \u201cN\u00e3o sei mentir, por isso n\u00e3o fico prometendo o que n\u00e3o posso cumprir. Essa \u00e9 uma miss\u00e3o que a gente tem. Atender a popula\u00e7\u00e3o para que a vida de todos melhore. Conquistei minhas coisas com trabalho, por isso acredito que com a ajuda de voc\u00eas iremos dar emprego e dignidade \u00e0s pessoas\u201d, disse Carlesse aos pastores.<\/p>\n<p><strong>COIMADETINS<\/strong><\/p>\n<p>A Conven\u00e7\u00e3o das Igrejas e Ministros das Assembleias de Deus possui 82 igrejas sedes, mais de 200 unidades e cerca de 20 mil fi\u00e9is em todo o estado. De acordo com o presidente, Pastor Claudemir, todos os pastores estar\u00e3o engajados no prop\u00f3sito de eleger Mauro Carlesse ao governo, j\u00e1 no primeiro turno da elei\u00e7\u00e3o.<\/p>\n","protected":false},"excerpt":{"rendered":"<p>O governador e candidato \u00e0 reelei\u00e7\u00e3o, Mauro Carlesse, recebeu no final da tarde desta segunda-feira, 24, o apoio de pastores membros da\u00a0COIMADETINS &#8211; Conven\u00e7\u00e3o das Igrejas e Ministros das Assembleias de DEUS do Tocantins, liderados pelo Pastor Claudemir Lopes. \u201cEstamos juntos com o governador no projeto de reelei\u00e7\u00e3o, por acreditar ser o melhor para o [&hellip;]<\/p>\n","protected":false},"author":2,"featured_media":1432,"comment_status":"open","ping_status":"open","sticky":false,"template":"","format":"standard","meta":[],"categories":[2,4],"tags":[],"_links":{"self":[{"href":"https:\/\/dgospel.com.br\/portal\/index.php\/wp-json\/wp\/v2\/posts\/1431"}],"collection":[{"href":"https:\/\/dgospel.com.br\/portal\/index.php\/wp-json\/wp\/v2\/posts"}],"about":[{"href":"https:\/\/dgospel.com.br\/portal\/index.php\/wp-json\/wp\/v2\/types\/post"}],"author":[{"embeddable":true,"href":"https:\/\/dgospel.com.br\/portal\/index.php\/wp-json\/wp\/v2\/users\/2"}],"replies":[{"embeddable":true,"href":"https:\/\/dgospel.com.br\/portal\/index.php\/wp-json\/wp\/v2\/comments?post=1431"}],"version-history":[{"count":1,"href":"https:\/\/dgospel.com.br\/portal\/index.php\/wp-json\/wp\/v2\/posts\/1431\/revisions"}],"predecessor-version":[{"id":1433,"href":"https:\/\/dgospel.com.br\/portal\/index.php\/wp-json\/wp\/v2\/posts\/1431\/revisions\/1433"}],"wp:featuredmedia":[{"embeddable":true,"href":"https:\/\/dgospel.com.br\/portal\/index.php\/wp-json\/wp\/v2\/media\/1432"}],"wp:attachment":[{"href":"https:\/\/dgospel.com.br\/portal\/index.php\/wp-json\/wp\/v2\/media?parent=1431"}],"wp:term":[{"taxonomy":"category","embeddable":true,"href":"https:\/\/dgospel.com.br\/portal\/index.php\/wp-json\/wp\/v2\/categories?post=1431"},{"taxonomy":"post_tag","embeddable":true,"href":"https:\/\/dgospel.com.br\/portal\/index.php\/wp-json\/wp\/v2\/tags?post=1431"}],"curies":[{"name":"wp","href":"https:\/\/api.w.org\/{rel}","templated":true}]}}