{"id":14311,"date":"2023-01-18T22:02:30","date_gmt":"2023-01-19T01:02:30","guid":{"rendered":"http:\/\/dgospel.com.br\/portal\/?p=14311"},"modified":"2023-01-18T22:02:31","modified_gmt":"2023-01-19T01:02:31","slug":"deputado-aciona-mp-contra-lula-por-improbidade-administrativa","status":"publish","type":"post","link":"https:\/\/dgospel.com.br\/portal\/index.php\/2023\/01\/18\/deputado-aciona-mp-contra-lula-por-improbidade-administrativa\/","title":{"rendered":"Deputado aciona MP contra Lula por improbidade administrativa"},"content":{"rendered":"\n<p>O deputado federal Ubiratan Sanderson (PL-RS) revelou, nesta quarta-feira, 18, durante participa\u00e7\u00e3o no programa&nbsp;<strong><a href=\"https:\/\/rumble.com\/c\/revistaoesteoficial\" target=\"_blank\" rel=\"noreferrer noopener\">Oeste Sem Filtro<\/a><\/strong>, que apresentou \u00e0 procuradora-geral do Minist\u00e9rio P\u00fablico junto ao Tribunal de Contas da Uni\u00e3o (TCU), Cristina Machado, uma representa\u00e7\u00e3o contra o presidente Luiz In\u00e1cio Lula da Silva. O petista teria cometido crime de improbidade administrativa ao contratar, sem licita\u00e7\u00e3o, um servi\u00e7o de hospedagem por R$ 260 mil. O chefe do Executivo decidiu n\u00e3o morar no Pal\u00e1cio da Alvorada.<\/p>\n\n\n\n<p>Segundo o parlamentar, a pr\u00e1tica de Lula n\u00e3o \u00e9 permitida por lei. \u201cEle n\u00e3o poderia ter contratado esse hotel e pago R$ 260 mil, sobretudo por haver em Bras\u00edlia duas resid\u00eancias oficias: o Pal\u00e1cio da Alvorada e a Granja do Torto\u201d.<\/p>\n\n\n\n<p>Sanderson afirma que ambas as resid\u00eancias oficiais t\u00eam condi\u00e7\u00f5es de receber o petista, visto que tamb\u00e9m abrigaram o ex-presidente Jair Bolsonaro. \u201cPor que a \u2018Sua Excel\u00eancia\u2019 Lula da Silva e \u2018Sua Majestade\u2019 Janja n\u00e3o podem ocupar os mesmo aposentos?\u201d, perguntou. \u201cO povo tem de pagar R$ 260 mil, sem licita\u00e7\u00e3o, em um processo ilegal?\u201d<\/p>\n\n\n\n<p>Conforme o\u00a0<em>Di\u00e1rio Oficial<\/em>\u00a0da Uni\u00e3o, os valores gastos por Lula com os servi\u00e7os de hospedagem somam R$ 216 mil.<\/p>\n\n\n\n<h2>Al\u00e9m da improbidade administrativa de Lula<\/h2>\n\n\n\n<p><a href=\"https:\/\/twitter.com\/DepSanderson\" target=\"_blank\" rel=\"noreferrer noopener\"><strong>Sanderson<\/strong><\/a>&nbsp;tamb\u00e9m encaminhou uma representa\u00e7\u00e3o \u00e0 Procuradoria-Geral da Rep\u00fablica (PGR), por poss\u00edvel pr\u00e1tica de crime de prevarica\u00e7\u00e3o do ministro da Justi\u00e7a e Seguran\u00e7a P\u00fablica, Fl\u00e1vio Dino. Ele pede que a PGR apure se o ministro sabia com anteced\u00eancia dos ataques em Bras\u00edlia e, mesmo assim, deixou de mobilizar um efetivo policial suficiente.<\/p>\n\n\n\n<p>O documento cita que, um dia antes dos atos de vandalismo contra os pr\u00e9dios dos Tr\u00eas Poderes, no domingo 8, a Ag\u00eancia Brasileira de Intelig\u00eancia teria informado o ministro sobre o risco de manifesta\u00e7\u00f5es na regi\u00e3o.<\/p>\n","protected":false},"excerpt":{"rendered":"<p>O deputado federal Ubiratan Sanderson (PL-RS) revelou, nesta quarta-feira, 18, durante participa\u00e7\u00e3o no programa&nbsp;Oeste Sem Filtro, que apresentou \u00e0 procuradora-geral do Minist\u00e9rio P\u00fablico junto ao Tribunal de Contas da Uni\u00e3o (TCU), Cristina Machado, uma representa\u00e7\u00e3o contra o presidente Luiz In\u00e1cio Lula da Silva. O petista teria cometido crime de improbidade administrativa ao contratar, sem licita\u00e7\u00e3o, [&hellip;]<\/p>\n","protected":false},"author":2,"featured_media":14312,"comment_status":"open","ping_status":"open","sticky":false,"template":"","format":"standard","meta":[],"categories":[8],"tags":[],"_links":{"self":[{"href":"https:\/\/dgospel.com.br\/portal\/index.php\/wp-json\/wp\/v2\/posts\/14311"}],"collection":[{"href":"https:\/\/dgospel.com.br\/portal\/index.php\/wp-json\/wp\/v2\/posts"}],"about":[{"href":"https:\/\/dgospel.com.br\/portal\/index.php\/wp-json\/wp\/v2\/types\/post"}],"author":[{"embeddable":true,"href":"https:\/\/dgospel.com.br\/portal\/index.php\/wp-json\/wp\/v2\/users\/2"}],"replies":[{"embeddable":true,"href":"https:\/\/dgospel.com.br\/portal\/index.php\/wp-json\/wp\/v2\/comments?post=14311"}],"version-history":[{"count":1,"href":"https:\/\/dgospel.com.br\/portal\/index.php\/wp-json\/wp\/v2\/posts\/14311\/revisions"}],"predecessor-version":[{"id":14313,"href":"https:\/\/dgospel.com.br\/portal\/index.php\/wp-json\/wp\/v2\/posts\/14311\/revisions\/14313"}],"wp:featuredmedia":[{"embeddable":true,"href":"https:\/\/dgospel.com.br\/portal\/index.php\/wp-json\/wp\/v2\/media\/14312"}],"wp:attachment":[{"href":"https:\/\/dgospel.com.br\/portal\/index.php\/wp-json\/wp\/v2\/media?parent=14311"}],"wp:term":[{"taxonomy":"category","embeddable":true,"href":"https:\/\/dgospel.com.br\/portal\/index.php\/wp-json\/wp\/v2\/categories?post=14311"},{"taxonomy":"post_tag","embeddable":true,"href":"https:\/\/dgospel.com.br\/portal\/index.php\/wp-json\/wp\/v2\/tags?post=14311"}],"curies":[{"name":"wp","href":"https:\/\/api.w.org\/{rel}","templated":true}]}}