{"id":14314,"date":"2023-01-18T22:04:39","date_gmt":"2023-01-19T01:04:39","guid":{"rendered":"http:\/\/dgospel.com.br\/portal\/?p=14314"},"modified":"2023-01-18T22:04:40","modified_gmt":"2023-01-19T01:04:40","slug":"os-alimentos-que-o-brasil-produz-e-a-marina-nao-sabe","status":"publish","type":"post","link":"https:\/\/dgospel.com.br\/portal\/index.php\/2023\/01\/18\/os-alimentos-que-o-brasil-produz-e-a-marina-nao-sabe\/","title":{"rendered":"Os alimentos que o Brasil produz e a Marina n\u00e3o sabe"},"content":{"rendered":"\n<p>\u201cO mundo \u00e9 desigual, no meu pa\u00eds tem 120 milh\u00f5es de pessoas que est\u00e3o passando fome\u201d, disse Marina Silva, ministra do&nbsp;<strong><a href=\"https:\/\/revistaoeste.com\/tag\/meio-ambiente\/\" target=\"_blank\" rel=\"noreferrer noopener\">Meio Ambiente<\/a><\/strong>. Entretanto, ela parece se referir a um pa\u00eds diferente do Brasil \u2014 que fornece alimentos para a popula\u00e7\u00e3o local e ainda exporta comida para outras na\u00e7\u00f5es.<\/p>\n\n\n\n<p>A fala ocorreu na \u00faltima segunda-feira, 16, em Davos,&nbsp;<strong><a href=\"https:\/\/www.weforum.org\/events\/world-economic-forum-annual-meeting-2023\/sessions\/open-forum-in-harmony-with-nature\" target=\"_blank\" rel=\"noreferrer noopener\">durante o primeiro dia do F\u00f3rum Econ\u00f4mico Mundial<\/a><\/strong>&nbsp;para o que o diplomata norte-americano John Kerry chamou de um&nbsp;<strong><a href=\"https:\/\/revistaoeste.com\/mundo\/o-grupo-seleto-de-seres-humanos-para-salvar-o-planeta\/\" target=\"_blank\" rel=\"noreferrer noopener\">\u201cgrupo seleto de seres humanos\u201d<\/a><\/strong>.<\/p>\n\n\n<div class=\"wp-block-image\">\n<figure class=\"aligncenter\"><a href=\"https:\/\/medias.revistaoeste.com\/media-prod\/wp-content\/uploads\/2023\/01\/map-pou-print-page-0001.jpg\"><img src=\"https:\/\/medias.revistaoeste.com\/media-prod\/wp-content\/uploads\/2023\/01\/map-pou-print-page-0001-1024x723.jpg\" alt=\"\" class=\"wp-image-700366\"\/><\/a><\/figure><\/div>\n\n\n<p>Os 120 milh\u00f5es citados pela ministra equivalem a uma popula\u00e7\u00e3o pr\u00f3xima ao n\u00famero de habitantes de pa\u00edses como Jap\u00e3o e o M\u00e9xico. Contudo, segundo o Mapa da Fome da Organiza\u00e7\u00e3o das Na\u00e7\u00f5es Unidas, entre 2,5% e 5% dos brasileiros est\u00e3o em condi\u00e7\u00e3o de subnutri\u00e7\u00e3o. Ou seja: por volta de 5 milh\u00f5es a 10 milh\u00f5es de habitantes do \u201cpa\u00eds de Marina\u201d.<\/p>\n\n\n\n<h2>Produ\u00e7\u00e3o de alimentos no Brasil<\/h2>\n\n\n\n<p>A verdade \u00e9 que o Brasil \u00e9 um dos maiores fornecedores de alimentos do planeta, e isso sem deixar de abastecer a popula\u00e7\u00e3o local. Em carnes, por exemplo, o agroneg\u00f3cio nacional ofertou 20 milh\u00f5es de toneladas para o mercado interno em 2021, somando prote\u00ednas de origem bovina, su\u00edna e de frangos.<\/p>\n\n\n\n<p>Desse modo, a disponibilidade desse item para os consumidores brasileiros ficou em quase 100 quilos por ano para cada habitante, conforme os dados da Companhia Nacional de Abastecimento. Essa quantidade equivale a cerca de 260 gramas di\u00e1rias.<\/p>\n\n\n\n<p>Ainda falando de prote\u00edna animal, as granjas brasileiras produziram por volta de 55 bilh\u00f5es de ovos em 2021. Desse modo, por volta de 260 ovos para cada habitante por ano. E no mesmo per\u00edodo houve a ordenha de 31 bilh\u00f5es de litros de leite.<\/p>\n\n\n\n<p>Al\u00e9m disso, h\u00e1 a colheita de alimentos vegetais. Da mistura favorita do Brasil, arroz e feij\u00e3o, a safra de 2021 soma praticamente 15 milh\u00f5es de toneladas: o que equivale a quase 200 gramas dos gr\u00e3os antes de serem cozidos e hidratados. De batata e mandioca, por exemplo, s\u00e3o mais aproximadamente 300 gramas por dia. De trigo, mais 100 gramas di\u00e1rias.<\/p>\n\n\n\n<p>E a agricultura brasileira tamb\u00e9m produz diversos outros itens como frutas, hortali\u00e7as, cana-de-a\u00e7\u00facar, caf\u00e9 e os carros-chefes da produ\u00e7\u00e3o local: milho e soja. Juntos, esses dois gr\u00e3os forneceram 125 milh\u00f5es de toneladas de alimentos ao mercado interno, que serviram para a fabrica\u00e7\u00e3o de produtos como farinhas, \u00f3leos, insumos industriais e at\u00e9 ra\u00e7\u00f5es animais.<\/p>\n\n\n\n<h3>Caminho inverso<\/h3>\n\n\n\n<p>Mesmo assim, o presidente Luiz In\u00e1cio Lula da Silva decidiu entregar a dire\u00e7\u00e3o da Conab \u2014 umas das mais importantes institui\u00e7\u00f5es federais da agropecu\u00e1ria nacional \u2014&nbsp;<strong><a href=\"https:\/\/revistaoeste.com\/politica\/petista-ligado-ao-mst-e-confirmado-para-a-presidencia-da-conab\/\" target=\"_blank\" rel=\"noreferrer noopener\">ao deputado estadual Edegar Pretto (PT-RS)<\/a><\/strong>. O parlamentar \u00e9 ligado ao Movimento dos Trabalhadores Sem Terra, organiza\u00e7\u00e3o hostil ao grande fornecedor de alimentos do Brasil: o agroneg\u00f3cio.<\/p>\n","protected":false},"excerpt":{"rendered":"<p>\u201cO mundo \u00e9 desigual, no meu pa\u00eds tem 120 milh\u00f5es de pessoas que est\u00e3o passando fome\u201d, disse Marina Silva, ministra do&nbsp;Meio Ambiente. Entretanto, ela parece se referir a um pa\u00eds diferente do Brasil \u2014 que fornece alimentos para a popula\u00e7\u00e3o local e ainda exporta comida para outras na\u00e7\u00f5es. A fala ocorreu na \u00faltima segunda-feira, 16, [&hellip;]<\/p>\n","protected":false},"author":2,"featured_media":14315,"comment_status":"open","ping_status":"open","sticky":false,"template":"","format":"standard","meta":[],"categories":[4],"tags":[13],"_links":{"self":[{"href":"https:\/\/dgospel.com.br\/portal\/index.php\/wp-json\/wp\/v2\/posts\/14314"}],"collection":[{"href":"https:\/\/dgospel.com.br\/portal\/index.php\/wp-json\/wp\/v2\/posts"}],"about":[{"href":"https:\/\/dgospel.com.br\/portal\/index.php\/wp-json\/wp\/v2\/types\/post"}],"author":[{"embeddable":true,"href":"https:\/\/dgospel.com.br\/portal\/index.php\/wp-json\/wp\/v2\/users\/2"}],"replies":[{"embeddable":true,"href":"https:\/\/dgospel.com.br\/portal\/index.php\/wp-json\/wp\/v2\/comments?post=14314"}],"version-history":[{"count":1,"href":"https:\/\/dgospel.com.br\/portal\/index.php\/wp-json\/wp\/v2\/posts\/14314\/revisions"}],"predecessor-version":[{"id":14316,"href":"https:\/\/dgospel.com.br\/portal\/index.php\/wp-json\/wp\/v2\/posts\/14314\/revisions\/14316"}],"wp:featuredmedia":[{"embeddable":true,"href":"https:\/\/dgospel.com.br\/portal\/index.php\/wp-json\/wp\/v2\/media\/14315"}],"wp:attachment":[{"href":"https:\/\/dgospel.com.br\/portal\/index.php\/wp-json\/wp\/v2\/media?parent=14314"}],"wp:term":[{"taxonomy":"category","embeddable":true,"href":"https:\/\/dgospel.com.br\/portal\/index.php\/wp-json\/wp\/v2\/categories?post=14314"},{"taxonomy":"post_tag","embeddable":true,"href":"https:\/\/dgospel.com.br\/portal\/index.php\/wp-json\/wp\/v2\/tags?post=14314"}],"curies":[{"name":"wp","href":"https:\/\/api.w.org\/{rel}","templated":true}]}}