{"id":14320,"date":"2023-01-18T22:09:56","date_gmt":"2023-01-19T01:09:56","guid":{"rendered":"http:\/\/dgospel.com.br\/portal\/?p=14320"},"modified":"2023-01-18T22:09:58","modified_gmt":"2023-01-19T01:09:58","slug":"filho-de-ze-dirceu-nao-quer-cpi-para-apurar-manifestacoes","status":"publish","type":"post","link":"https:\/\/dgospel.com.br\/portal\/index.php\/2023\/01\/18\/filho-de-ze-dirceu-nao-quer-cpi-para-apurar-manifestacoes\/","title":{"rendered":"Filho de Z\u00e9 Dirceu n\u00e3o quer CPI para apurar manifesta\u00e7\u00f5es"},"content":{"rendered":"\n<p>O futuro l\u00edder do PT na C\u00e2mara dos Deputados,&nbsp;<strong><a href=\"https:\/\/www.camara.leg.br\/deputados\/160592\" target=\"_blank\" rel=\"noreferrer noopener\">Zeca Dirceu<\/a><\/strong>&nbsp;(PT-PR), afirmou que \u00e9 contra a instala\u00e7\u00e3o de uma Comiss\u00e3o Parlamentar de Inqu\u00e9rito (CPI) para investigar as manifesta\u00e7\u00f5es em Bras\u00edlia.&nbsp;<strong><a href=\"https:\/\/revistaoeste.com\/politica\/pgr-denuncia-39-pessoas-por-invasao-e-vandalismo-no-senado\/\" target=\"_blank\" rel=\"noreferrer noopener\">Houve registros de vandalismo<\/a><\/strong>.<\/p>\n\n\n\n<p>\u201cA pr\u00f3pria CPI das manifesta\u00e7\u00f5es pode ser um elemento de confus\u00e3o, de desagrega\u00e7\u00e3o e de divis\u00e3o\u201d, disse Zeca Dirceu, em entrevista ao jornal&nbsp;<em>Folha de S.Paulo<\/em>, publicada nesta quarta-feira, 18. \u201cAinda n\u00e3o d\u00e1 para medir muito, mas, a partir de 1\u00ba de fevereiro, haver\u00e1 mais elementos para avaliar.\u201d&nbsp;A bancada do PT na C\u00e2mara adiou a discuss\u00e3o sobre a CPI.<\/p>\n\n\n\n<p>O petista tamb\u00e9m prop\u00f4s dialogar com todos os partidos na Casa, durante a pr\u00f3xima legislatura, a ser iniciada em fevereiro, incluindo o Partido Liberal (PL), do ex-presidente Jair Bolsonaro.<\/p>\n\n\n\n<p>\u201cH\u00e1 uma disposi\u00e7\u00e3o, como a gente j\u00e1 fez ap\u00f3s os atos terroristas, de dialogar at\u00e9 com os partidos que s\u00e3o da oposi\u00e7\u00e3o; como foi feito com o PL, que participou ativamente da aprova\u00e7\u00e3o da interven\u00e7\u00e3o aqui na seguran\u00e7a p\u00fablica do Distrito Federal\u201d, disse Zeca. \u201cEu imagino ser adequado, nos primeiros dias, talvez no primeiro m\u00eas, evitar temas pol\u00eamicos, que possam gerar muito conflito e disputa pol\u00edtica.\u201d<\/p>\n","protected":false},"excerpt":{"rendered":"<p>O futuro l\u00edder do PT na C\u00e2mara dos Deputados,&nbsp;Zeca Dirceu&nbsp;(PT-PR), afirmou que \u00e9 contra a instala\u00e7\u00e3o de uma Comiss\u00e3o Parlamentar de Inqu\u00e9rito (CPI) para investigar as manifesta\u00e7\u00f5es em Bras\u00edlia.&nbsp;Houve registros de vandalismo. \u201cA pr\u00f3pria CPI das manifesta\u00e7\u00f5es pode ser um elemento de confus\u00e3o, de desagrega\u00e7\u00e3o e de divis\u00e3o\u201d, disse Zeca Dirceu, em entrevista ao jornal&nbsp;Folha [&hellip;]<\/p>\n","protected":false},"author":2,"featured_media":14321,"comment_status":"open","ping_status":"open","sticky":false,"template":"","format":"standard","meta":[],"categories":[8],"tags":[],"_links":{"self":[{"href":"https:\/\/dgospel.com.br\/portal\/index.php\/wp-json\/wp\/v2\/posts\/14320"}],"collection":[{"href":"https:\/\/dgospel.com.br\/portal\/index.php\/wp-json\/wp\/v2\/posts"}],"about":[{"href":"https:\/\/dgospel.com.br\/portal\/index.php\/wp-json\/wp\/v2\/types\/post"}],"author":[{"embeddable":true,"href":"https:\/\/dgospel.com.br\/portal\/index.php\/wp-json\/wp\/v2\/users\/2"}],"replies":[{"embeddable":true,"href":"https:\/\/dgospel.com.br\/portal\/index.php\/wp-json\/wp\/v2\/comments?post=14320"}],"version-history":[{"count":1,"href":"https:\/\/dgospel.com.br\/portal\/index.php\/wp-json\/wp\/v2\/posts\/14320\/revisions"}],"predecessor-version":[{"id":14322,"href":"https:\/\/dgospel.com.br\/portal\/index.php\/wp-json\/wp\/v2\/posts\/14320\/revisions\/14322"}],"wp:featuredmedia":[{"embeddable":true,"href":"https:\/\/dgospel.com.br\/portal\/index.php\/wp-json\/wp\/v2\/media\/14321"}],"wp:attachment":[{"href":"https:\/\/dgospel.com.br\/portal\/index.php\/wp-json\/wp\/v2\/media?parent=14320"}],"wp:term":[{"taxonomy":"category","embeddable":true,"href":"https:\/\/dgospel.com.br\/portal\/index.php\/wp-json\/wp\/v2\/categories?post=14320"},{"taxonomy":"post_tag","embeddable":true,"href":"https:\/\/dgospel.com.br\/portal\/index.php\/wp-json\/wp\/v2\/tags?post=14320"}],"curies":[{"name":"wp","href":"https:\/\/api.w.org\/{rel}","templated":true}]}}