{"id":14326,"date":"2023-01-18T22:32:00","date_gmt":"2023-01-19T01:32:00","guid":{"rendered":"http:\/\/dgospel.com.br\/portal\/?p=14326"},"modified":"2023-01-18T22:32:02","modified_gmt":"2023-01-19T01:32:02","slug":"pesquisa-do-procon-tocantins-aponta-variacao-de-material-escolar-em-gurupi-de-ate-280","status":"publish","type":"post","link":"https:\/\/dgospel.com.br\/portal\/index.php\/2023\/01\/18\/pesquisa-do-procon-tocantins-aponta-variacao-de-material-escolar-em-gurupi-de-ate-280\/","title":{"rendered":"Pesquisa do Procon Tocantins aponta varia\u00e7\u00e3o de material escolar em Gurupi de at\u00e9 280%"},"content":{"rendered":"\n<p>Nesta segunda e ter\u00e7a-feira, 16 e 17, o Procon Tocantins realizou pesquisa de material escolar em Gurupi. Quatro estabelecimentos comerciais foram pesquisados e a varia\u00e7\u00e3o encontrada em determinados itens foi de at\u00e9 280%.<\/p>\n\n\n\n<p>A fiscaliza\u00e7\u00e3o do \u00f3rg\u00e3o de defesa do consumidor, pesquisou 80 itens escolares, como cola, fich\u00e1rio, cadernos, l\u00e1pis, canetas, giz de cera, marca texto, cola, r\u00e9gua, papel A4, pincel e tinta. O objetivo da pesquisa realizada, \u00e9 fornecer ao consumidor uma amostra das diferen\u00e7as de pre\u00e7os dos materiais escolares.<\/p>\n\n\n\n<p>\u201cAl\u00e9m de permitir que os pais e respons\u00e1veis se organizem e n\u00e3o comprometam o or\u00e7amento familiar, o Procon alerta para que fiquem atentos ao que \u00e9 solicitado pelas escolas na lista de material escolar. Nem tudo \u00e9 permitido\u201d, destaca Rafael Pereira Parente, superintendente do Procon Tocantins.<\/p>\n\n\n\n<p>As institui\u00e7\u00f5es de ensino particulares n\u00e3o podem exigir a aquisi\u00e7\u00e3o de material de uso coletivo, conforme determina\u00e7\u00e3o da lei 12.886\/2013. Mais informa\u00e7\u00f5es no site do&nbsp;<a href=\"http:\/\/www.to.gov.br\/procon\">www.to.gov.br\/procon<\/a><\/p>\n\n\n\n<p><strong>Percentuais<\/strong><\/p>\n\n\n\n<p>O item que atingiu maior varia\u00e7\u00e3o de pre\u00e7os foi \u00e0 cola bast\u00e3o, com varia\u00e7\u00e3o de 280%, vendida entre R$ R$ 1,00 a R$ R$ 3,80.<\/p>\n\n\n\n<p>Em seguida, com o percentual de 166,95%, est\u00e1 o marca texto apag\u00e1vel. Comercializado entre R$ 5,90 e R$ R$ 15,75.<\/p>\n\n\n\n<p>&nbsp;J\u00e1 em terceiro lugar, com varia\u00e7\u00e3o de aumento de 128,81% est\u00e1 o bloco para fich\u00e1rio, encontrado com o pre\u00e7o entre R$ 5,90 e R$13,50.<\/p>\n\n\n\n<p><strong>Fique atento e economize<\/strong><\/p>\n\n\n\n<p>O Procon Tocantins ressalta que para quem quer economizar, outro ponto importante \u00e9 evitar comprar materiais com personagens, logotipos e acess\u00f3rios licenciados.<\/p>\n\n\n\n<p>&#8220;Para quem quer economizar, estes produtos geralmente os pre\u00e7os s\u00e3o mais elevados&#8221;, alerta o gerente de fiscaliza\u00e7\u00e3o Magno Silva.<\/p>\n\n\n\n<p>Outra dica \u00e9 promover e participar da troca de livros did\u00e1ticos entre alunos que cursam s\u00e9ries diferentes. Tamb\u00e9m \u00e9 v\u00e1lido lembrar que desde fevereiro de 2015, alguns produtos como apontadores, borrachas, canetas hidrogr\u00e1ficas e esferogr\u00e1ficas, dentre outros, s\u00f3 podem ser comercializados com o selo do Inmetro.<\/p>\n","protected":false},"excerpt":{"rendered":"<p>Nesta segunda e ter\u00e7a-feira, 16 e 17, o Procon Tocantins realizou pesquisa de material escolar em Gurupi. Quatro estabelecimentos comerciais foram pesquisados e a varia\u00e7\u00e3o encontrada em determinados itens foi de at\u00e9 280%. A fiscaliza\u00e7\u00e3o do \u00f3rg\u00e3o de defesa do consumidor, pesquisou 80 itens escolares, como cola, fich\u00e1rio, cadernos, l\u00e1pis, canetas, giz de cera, marca [&hellip;]<\/p>\n","protected":false},"author":2,"featured_media":14327,"comment_status":"open","ping_status":"open","sticky":false,"template":"","format":"standard","meta":[],"categories":[3],"tags":[13],"_links":{"self":[{"href":"https:\/\/dgospel.com.br\/portal\/index.php\/wp-json\/wp\/v2\/posts\/14326"}],"collection":[{"href":"https:\/\/dgospel.com.br\/portal\/index.php\/wp-json\/wp\/v2\/posts"}],"about":[{"href":"https:\/\/dgospel.com.br\/portal\/index.php\/wp-json\/wp\/v2\/types\/post"}],"author":[{"embeddable":true,"href":"https:\/\/dgospel.com.br\/portal\/index.php\/wp-json\/wp\/v2\/users\/2"}],"replies":[{"embeddable":true,"href":"https:\/\/dgospel.com.br\/portal\/index.php\/wp-json\/wp\/v2\/comments?post=14326"}],"version-history":[{"count":1,"href":"https:\/\/dgospel.com.br\/portal\/index.php\/wp-json\/wp\/v2\/posts\/14326\/revisions"}],"predecessor-version":[{"id":14328,"href":"https:\/\/dgospel.com.br\/portal\/index.php\/wp-json\/wp\/v2\/posts\/14326\/revisions\/14328"}],"wp:featuredmedia":[{"embeddable":true,"href":"https:\/\/dgospel.com.br\/portal\/index.php\/wp-json\/wp\/v2\/media\/14327"}],"wp:attachment":[{"href":"https:\/\/dgospel.com.br\/portal\/index.php\/wp-json\/wp\/v2\/media?parent=14326"}],"wp:term":[{"taxonomy":"category","embeddable":true,"href":"https:\/\/dgospel.com.br\/portal\/index.php\/wp-json\/wp\/v2\/categories?post=14326"},{"taxonomy":"post_tag","embeddable":true,"href":"https:\/\/dgospel.com.br\/portal\/index.php\/wp-json\/wp\/v2\/tags?post=14326"}],"curies":[{"name":"wp","href":"https:\/\/api.w.org\/{rel}","templated":true}]}}