{"id":14329,"date":"2023-01-18T22:34:57","date_gmt":"2023-01-19T01:34:57","guid":{"rendered":"http:\/\/dgospel.com.br\/portal\/?p=14329"},"modified":"2023-01-18T22:34:58","modified_gmt":"2023-01-19T01:34:58","slug":"wanderlei-barbosa-extingue-soldado-2a-classe-no-plano-de-carreiras-militar-no-tocantins","status":"publish","type":"post","link":"https:\/\/dgospel.com.br\/portal\/index.php\/2023\/01\/18\/wanderlei-barbosa-extingue-soldado-2a-classe-no-plano-de-carreiras-militar-no-tocantins\/","title":{"rendered":"Wanderlei Barbosa extingue Soldado 2\u00aa Classe no plano de carreiras militar no Tocantins"},"content":{"rendered":"\n<p>O governador do Tocantins, Wanderlei Barbosa, editou nesta quarta-feira, 18, uma Medida Provis\u00f3ria (MP) que altera a Lei n\u00ba 2.578\/2012, extinguindo as gradua\u00e7\u00f5es de Soldado 1\u00aa e 2\u00aa Classes, retornando \u00e0 nomenclatura \u00e0 forma \u00fanica de designa\u00e7\u00e3o, apenas Soldado, e tendo como prop\u00f3sito garantir a fluidez de ascens\u00e3o aos militares. O ato sobre a MP foi publicado no Di\u00e1rio Oficial do Estado (DOE) ainda nesta quarta-feira, 18, e entrou em vigor na data de sua publica\u00e7\u00e3o.<\/p>\n\n\n\n<p><br>Parceiro da classe e ciente de suas demandas, o governador Wanderlei Barbosa explicou que essa MP foi poss\u00edvel uma vez que n\u00e3o foram identificados reflexos pr\u00e1ticos que favorecessem a carreira e o exerc\u00edcio da atividade militar. \u201cTrabalhamos para facilitar \u00e0 ascens\u00e3o tanto da Pol\u00edcia Militar quanto do Corpo de Bombeiros e tamb\u00e9m de todos os demais servidores p\u00fablicos\u201d, ponderou.<\/p>\n\n\n\n<p><br>Durante a promo\u00e7\u00e3o de mais de 700 PMs em abril do ano passado, Wanderlei Barbosa j\u00e1 havia se posicionado contra a biparti\u00e7\u00e3o da classe. Na ocasi\u00e3o, o Governador afirmou ser necess\u00e1rio facilitar as promo\u00e7\u00f5es e, para tanto, havia determinado estudos para acabar com o Soldado 2\u00aa Classe. Para se ter ideia, o militar que adentrasse \u00e0 corpora\u00e7\u00e3o, receberia essa gradua\u00e7\u00e3o e deveria permanecer nela por tr\u00eas anos para fazer jus \u00e0 gradua\u00e7\u00e3o de Soldado 1\u00aa Classe.<\/p>\n\n\n\n<p><br><strong>Modifica\u00e7\u00f5es<\/strong><\/p>\n\n\n\n<p><br>A MP publicada no DOE extingue as gradua\u00e7\u00f5es de Soldado 1\u00aa e 2\u00aa Classes, retornando \u00e0 nomenclatura \u00e0 forma \u00fanica de designa\u00e7\u00e3o, apenas Soldado, tendo como prop\u00f3sito garantir fluidez de ascens\u00e3o aos militares. A altera\u00e7\u00e3o tamb\u00e9m unifica o subs\u00eddio, considerando o maior valor, estabelecendo regra de transi\u00e7\u00e3o para os agentes das duas gradua\u00e7\u00f5es extintas, a fim de n\u00e3o gerar qualquer preju\u00edzo \u00e0 carreira, em especial quanto \u00e0 defini\u00e7\u00e3o de interst\u00edcio a ser cumprido.<\/p>\n\n\n\n<p><br>Por fim, modificou-se tamb\u00e9m o acesso inicial \u00e0 carreira de pra\u00e7as para que ocorra na gradua\u00e7\u00e3o de Aluno-Pra\u00e7a. Por conta dessa MP, foi necess\u00e1ria a publica\u00e7\u00e3o de dois decretos referentes ao Quadro de Organiza\u00e7\u00e3o e Distribui\u00e7\u00e3o, tanto da Pol\u00edcia Militar quanto do Corpo de Bombeiros do Estado do Tocantins. Esses decretos que regulam, a partir de agora, a quantidade dos quadros e patentes.<\/p>\n\n\n\n<p><br><strong>Formatura<\/strong><\/p>\n\n\n\n<p><br>A formatura dos soldados da Pol\u00edcia Militar do Tocantins, que ingressaram na corpora\u00e7\u00e3o em concurso que selecionou 1.000 pessoas, ocorrer\u00e1 nesta quinta-feira, 19, \u00e0s 19 horas, na Ala Norte do Pal\u00e1cio Araguaia. O curso de Aluno-Pra\u00e7a iniciou-se em mar\u00e7o do ano passado e encerrar\u00e1 nesta quinta, com a formatura dos agentes.<\/p>\n\n\n\n<p><img src=\"https:\/\/central.to.gov.br\/image\/315397?w=670&amp;h=383\"><\/p>\n\n\n\n<p>Altera\u00e7\u00e3o da nomenclatura do cargo de Soldado visa a moderniza\u00e7\u00e3o do processo burocr\u00e1tico no \u00e2mbito da PM e Bombeiros &#8211; Tharson Lopes\/Governo do Tocantins\u00a0<\/p>\n\n\n\n<p><img src=\"https:\/\/central.to.gov.br\/image\/315396?w=670&amp;h=383\"><\/p>\n\n\n\n<p>Iniciativa do Governo do Tocantins extingui as gradua\u00e7\u00f5es de Soldado 1a e 2a Classes, e determina a nomenclatura \u00fanica para o cargo de Soldado &#8211; Aldemar Ribeiro\/Governo do Tocantins<\/p>\n","protected":false},"excerpt":{"rendered":"<p>O governador do Tocantins, Wanderlei Barbosa, editou nesta quarta-feira, 18, uma Medida Provis\u00f3ria (MP) que altera a Lei n\u00ba 2.578\/2012, extinguindo as gradua\u00e7\u00f5es de Soldado 1\u00aa e 2\u00aa Classes, retornando \u00e0 nomenclatura \u00e0 forma \u00fanica de designa\u00e7\u00e3o, apenas Soldado, e tendo como prop\u00f3sito garantir a fluidez de ascens\u00e3o aos militares. O ato sobre a MP [&hellip;]<\/p>\n","protected":false},"author":2,"featured_media":14330,"comment_status":"open","ping_status":"open","sticky":false,"template":"","format":"standard","meta":[],"categories":[3],"tags":[13],"_links":{"self":[{"href":"https:\/\/dgospel.com.br\/portal\/index.php\/wp-json\/wp\/v2\/posts\/14329"}],"collection":[{"href":"https:\/\/dgospel.com.br\/portal\/index.php\/wp-json\/wp\/v2\/posts"}],"about":[{"href":"https:\/\/dgospel.com.br\/portal\/index.php\/wp-json\/wp\/v2\/types\/post"}],"author":[{"embeddable":true,"href":"https:\/\/dgospel.com.br\/portal\/index.php\/wp-json\/wp\/v2\/users\/2"}],"replies":[{"embeddable":true,"href":"https:\/\/dgospel.com.br\/portal\/index.php\/wp-json\/wp\/v2\/comments?post=14329"}],"version-history":[{"count":1,"href":"https:\/\/dgospel.com.br\/portal\/index.php\/wp-json\/wp\/v2\/posts\/14329\/revisions"}],"predecessor-version":[{"id":14331,"href":"https:\/\/dgospel.com.br\/portal\/index.php\/wp-json\/wp\/v2\/posts\/14329\/revisions\/14331"}],"wp:featuredmedia":[{"embeddable":true,"href":"https:\/\/dgospel.com.br\/portal\/index.php\/wp-json\/wp\/v2\/media\/14330"}],"wp:attachment":[{"href":"https:\/\/dgospel.com.br\/portal\/index.php\/wp-json\/wp\/v2\/media?parent=14329"}],"wp:term":[{"taxonomy":"category","embeddable":true,"href":"https:\/\/dgospel.com.br\/portal\/index.php\/wp-json\/wp\/v2\/categories?post=14329"},{"taxonomy":"post_tag","embeddable":true,"href":"https:\/\/dgospel.com.br\/portal\/index.php\/wp-json\/wp\/v2\/tags?post=14329"}],"curies":[{"name":"wp","href":"https:\/\/api.w.org\/{rel}","templated":true}]}}