{"id":1434,"date":"2018-09-25T09:34:29","date_gmt":"2018-09-25T12:34:29","guid":{"rendered":"http:\/\/dgospel.com.br\/portal\/?p=1434"},"modified":"2018-09-25T09:34:29","modified_gmt":"2018-09-25T12:34:29","slug":"em-reuniao-representantes-dos-servidores-destacam-abertura-de-dialogo-na-gestao-carlesse","status":"publish","type":"post","link":"https:\/\/dgospel.com.br\/portal\/index.php\/2018\/09\/25\/em-reuniao-representantes-dos-servidores-destacam-abertura-de-dialogo-na-gestao-carlesse\/","title":{"rendered":"Em reuni\u00e3o, representantes dos servidores destacam abertura de di\u00e1logo na gest\u00e3o Carlesse"},"content":{"rendered":"<p class=\"yiv2156669298MsoNormal\">Reunidos com o Governador e candidato \u00e0 reelei\u00e7\u00e3o, Mauro Carlesse (PHS), na noite desta segunda-feira, 24, em Palmas, representantes sindicais dos servidores p\u00fablicos do Estado destacaram a abertura de di\u00e1logo do Governo na busca de solu\u00e7\u00f5es para os problemas enfrentados pelas diversas categorias.<\/p>\n<p class=\"yiv2156669298MsoNormal\">Durante a reuni\u00e3o, os sindicalistas entregaram ao Governador pautas de reivindica\u00e7\u00f5es de todas as categorias. Todos eles, no entanto, reconheceram a impossibilidade de cumprimento imediato por parte do Estado, sobretudo em fun\u00e7\u00e3o das veda\u00e7\u00f5es decorrentes do per\u00edodo eleitoral.<\/p>\n<p class=\"yiv2156669298MsoNormal\">Para o presidente do Sindicato da Pol\u00edcia Civil do Estado do Tocantins (Sinpol-TO), Ubiratan Rabello (Bira), o encontro foi uma oportunidade de apresentar ao candidato todas as demandas da categoria. &#8220;Quando apresentamos [ao Governador] a quest\u00e3o da data-base, ela foi implementada imediatamente pelo Governo. Ent\u00e3o, a meu ver, a reuni\u00e3o foi muito produtiva porque, al\u00e9m de apresentarmos as demandas, escritas, estamos tendo a oportunidade de falar sobre elas, pessoalmente&#8221;, explicou.<\/p>\n<p class=\"yiv2156669298MsoNormal\">A abertura do di\u00e1logo na gest\u00e3o Carlesse foi lembrada tamb\u00e9m pelo presidente do Sindicato dos Trabalhadores em Sa\u00fade no Estado do Tocantins (Sintras), Manoel Miranda, que destacou tamb\u00e9m a import\u00e2ncia da reuni\u00e3o para a categoria que representa. &#8220;Foi uma reuni\u00e3o muito democr\u00e1tica, pois o Governador sendo reeleito n\u00f3s vamos discutir essa pauta [de reivindica\u00e7\u00f5es] com ele e a sua equipe&#8221;, disse.<\/p>\n<p class=\"yiv2156669298MsoNormal\">No encontro, Carlesse reafirmou seu compromisso de manter aberto, permanentemente, o &#8220;canal de comunica\u00e7\u00e3o&#8221; com os servidores p\u00fablicos por meio de seus representantes. &#8220;Nossa gest\u00e3o sempre manteve, e vai continuar mantendo, esse di\u00e1logo permanente com os servidores, pela import\u00e2ncia dos servi\u00e7os prestados por eles a nossa popula\u00e7\u00e3o&#8221;, garantiu.<\/p>\n<p class=\"yiv2156669298MsoNormal\">Carlesse, no entanto, lembrou as limita\u00e7\u00f5es impostas ao Governo &#8211; tanto pela Lei de Responsabilidade Fiscal (LRF) quanto pela Lei Eleitoral &#8211; no sentido de garantir o cumprimento de direitos dos servidores, como o pagamento de promo\u00e7\u00f5es e progress\u00f5es nas carreiras, em muitos casos atrasados h\u00e1 v\u00e1rios anos.<\/p>\n<p class=\"yiv2156669298MsoNormal\">O Governador destacou ainda sua franqueza em rela\u00e7\u00e3o \u00e0 capacidade ou limita\u00e7\u00f5es do Estado em rela\u00e7\u00e3o ao cumprimento dos direitos dos servidores p\u00fablicos estaduais. &#8220;No meu Governo sempre houve e sempre haver\u00e1 di\u00e1logo, mas sempre vamos deixar claro o que \u00e9 poss\u00edvel e o que n\u00e3o \u00e9. Por isso, tenho certeza que com di\u00e1logo todos v\u00e3o entender&#8221;, concluiu.<\/p>\n<p class=\"yiv2156669298MsoNormal\"><b>Participantes<\/b><\/p>\n<p class=\"yiv2156669298MsoNormal\">Al\u00e9m dos representantes sindicais de todas as categorias e do Governador, tamb\u00e9m participaram do encontro o vice-governador Wanderlei Barbosa; o chefe da Casa Civil, Rolf Vidal; o secret\u00e1rio de Estado da Seguran\u00e7a P\u00fablica, Fernando Ubaldo Monteiro Barbosa; e da Fazenda, Sandro Armando.<\/p>\n","protected":false},"excerpt":{"rendered":"<p>Reunidos com o Governador e candidato \u00e0 reelei\u00e7\u00e3o, Mauro Carlesse (PHS), na noite desta segunda-feira, 24, em Palmas, representantes sindicais dos servidores p\u00fablicos do Estado destacaram a abertura de di\u00e1logo do Governo na busca de solu\u00e7\u00f5es para os problemas enfrentados pelas diversas categorias. Durante a reuni\u00e3o, os sindicalistas entregaram ao Governador pautas de reivindica\u00e7\u00f5es de [&hellip;]<\/p>\n","protected":false},"author":2,"featured_media":1435,"comment_status":"open","ping_status":"open","sticky":false,"template":"","format":"standard","meta":[],"categories":[2,3],"tags":[],"_links":{"self":[{"href":"https:\/\/dgospel.com.br\/portal\/index.php\/wp-json\/wp\/v2\/posts\/1434"}],"collection":[{"href":"https:\/\/dgospel.com.br\/portal\/index.php\/wp-json\/wp\/v2\/posts"}],"about":[{"href":"https:\/\/dgospel.com.br\/portal\/index.php\/wp-json\/wp\/v2\/types\/post"}],"author":[{"embeddable":true,"href":"https:\/\/dgospel.com.br\/portal\/index.php\/wp-json\/wp\/v2\/users\/2"}],"replies":[{"embeddable":true,"href":"https:\/\/dgospel.com.br\/portal\/index.php\/wp-json\/wp\/v2\/comments?post=1434"}],"version-history":[{"count":1,"href":"https:\/\/dgospel.com.br\/portal\/index.php\/wp-json\/wp\/v2\/posts\/1434\/revisions"}],"predecessor-version":[{"id":1436,"href":"https:\/\/dgospel.com.br\/portal\/index.php\/wp-json\/wp\/v2\/posts\/1434\/revisions\/1436"}],"wp:featuredmedia":[{"embeddable":true,"href":"https:\/\/dgospel.com.br\/portal\/index.php\/wp-json\/wp\/v2\/media\/1435"}],"wp:attachment":[{"href":"https:\/\/dgospel.com.br\/portal\/index.php\/wp-json\/wp\/v2\/media?parent=1434"}],"wp:term":[{"taxonomy":"category","embeddable":true,"href":"https:\/\/dgospel.com.br\/portal\/index.php\/wp-json\/wp\/v2\/categories?post=1434"},{"taxonomy":"post_tag","embeddable":true,"href":"https:\/\/dgospel.com.br\/portal\/index.php\/wp-json\/wp\/v2\/tags?post=1434"}],"curies":[{"name":"wp","href":"https:\/\/api.w.org\/{rel}","templated":true}]}}