{"id":14342,"date":"2023-01-19T11:11:58","date_gmt":"2023-01-19T14:11:58","guid":{"rendered":"http:\/\/dgospel.com.br\/portal\/?p=14342"},"modified":"2023-01-19T11:11:59","modified_gmt":"2023-01-19T14:11:59","slug":"desemprego-cai-para-81-em-novembro-a-menor-taxa-desde-abril-de-2015","status":"publish","type":"post","link":"https:\/\/dgospel.com.br\/portal\/index.php\/2023\/01\/19\/desemprego-cai-para-81-em-novembro-a-menor-taxa-desde-abril-de-2015\/","title":{"rendered":"Desemprego cai para 8,1% em novembro, a menor taxa desde\u00a0abril de 2015"},"content":{"rendered":"\n<p>O desemprego no Brasil manteve a trajet\u00f3ria de queda e&nbsp;<strong>passou a atingir 8,1% da popula\u00e7\u00e3o no trimestre encerrado em novembro<\/strong>. O percentual \u00e9 o menor apurado desde abril de 2015 (8,1%), mostram os dados apresentados nesta quinta-feira (19) pelo&nbsp;<strong>IBGE (Instituto Brasileiro de Geografia e Estat\u00edstica)<\/strong>.<\/p>\n\n\n\n<p>Com o recuo da taxa de desocupa\u00e7\u00e3o h\u00e1 seis trimestres m\u00f3veis consecutivos, a&nbsp;<strong>quantidade de profissionais ainda fora da for\u00e7a de trabalho equivale a 8,7 milh\u00f5es de pessoas<\/strong>, o menor volume desde o trimestre encerrado em junho de 2015, volume equivalente a 953 mil pessoas a menos do que no per\u00edodo finalizado em outubro.<\/p>\n\n\n\n<p>De acordo com Adriana Beringuy,&nbsp;coordenadora da&nbsp;<strong>Pnad (Pesquisa Nacional por Amostra de Domic\u00edlios) Cont\u00ednua<\/strong>, a retra\u00e7\u00e3o do desemprego \u00e9 explicada pelo aumento de 0,7% na ocupa\u00e7\u00e3o no per\u00edodo, que novamente atingiu o maior n\u00edvel da s\u00e9rie hist\u00f3rica da pesquisa, iniciada em 2012.<\/p>\n\n\n\n<p>O percentual equivale a um\u00a0<strong>aumento de 680 mil pessoas no mercado de trabalho<\/strong>. \u201cEmbora o aumento da popula\u00e7\u00e3o ocupada venha ocorrendo em um ritmo menor do que o verificado nos trimestres anteriores, ele \u00e9 significativo e contribui para a queda na desocupa\u00e7\u00e3o\u201d, afirma a pesquisadora.<\/p>\n\n\n\n<p>Adriana&nbsp;destaca ainda que as&nbsp;<strong>quedas sucessivas na taxa de desocupa\u00e7\u00e3o tamb\u00e9m foram um reflexo do aumento no n\u00famero de profissionais ocupados desde 2021<\/strong>.&nbsp;&#8220;Houve essa expans\u00e3o da popula\u00e7\u00e3o ocupada, primeiramente dos trabalhadores informais e, depois, do emprego com carteira assinada nos mais diversos grupamentos de atividades, como com\u00e9rcio e ind\u00fastria&#8221;, diz ela ao verificar o movimento tamb\u00e9m observado no setor de servi\u00e7os recentemente.&nbsp;&nbsp;<\/p>\n\n\n\n<p>O principal impacto para o aumento da ocupa\u00e7\u00e3o no trimestre encerrado em novembro veio da categoria de empregados com carteira assinada no setor privado, que ampliou o seu contingente em 2,3%, com 817 mil novos profissionais. As contrata\u00e7\u00f5es na categoria crescem desde o segundo semestre de 2021.&nbsp;<\/p>\n\n\n\n<p>&#8220;\u00c9 um registro importante, uma vez que n\u00e3o apenas indica o aumento do n\u00famero de trabalhadores, mas tamb\u00e9m sinaliza a redu\u00e7\u00e3o na informalidade da popula\u00e7\u00e3o ocupada\u201d, afirma&nbsp;Adriana. Em 2022, o contingente de trabalhadores com carteira no setor privado se expandiu 7,5%, um crescimento de 2,6 milh\u00f5es de pessoas.<\/p>\n\n\n\n<p>Por outro lado, o n\u00famero de empregados sem carteira no setor privado ficou est\u00e1vel frente ao trimestre anterior. Esse contingente representava, no trimestre at\u00e9 novembro, 13,3 milh\u00f5es de pessoas. Quando comparado ao mesmo trimestre do ano anterior, houve aumento de 9,3% (ou 1,1 milh\u00e3o de pessoas).<\/p>\n","protected":false},"excerpt":{"rendered":"<p>O desemprego no Brasil manteve a trajet\u00f3ria de queda e&nbsp;passou a atingir 8,1% da popula\u00e7\u00e3o no trimestre encerrado em novembro. O percentual \u00e9 o menor apurado desde abril de 2015 (8,1%), mostram os dados apresentados nesta quinta-feira (19) pelo&nbsp;IBGE (Instituto Brasileiro de Geografia e Estat\u00edstica). Com o recuo da taxa de desocupa\u00e7\u00e3o h\u00e1 seis trimestres [&hellip;]<\/p>\n","protected":false},"author":2,"featured_media":14336,"comment_status":"open","ping_status":"open","sticky":false,"template":"","format":"standard","meta":[],"categories":[10],"tags":[],"_links":{"self":[{"href":"https:\/\/dgospel.com.br\/portal\/index.php\/wp-json\/wp\/v2\/posts\/14342"}],"collection":[{"href":"https:\/\/dgospel.com.br\/portal\/index.php\/wp-json\/wp\/v2\/posts"}],"about":[{"href":"https:\/\/dgospel.com.br\/portal\/index.php\/wp-json\/wp\/v2\/types\/post"}],"author":[{"embeddable":true,"href":"https:\/\/dgospel.com.br\/portal\/index.php\/wp-json\/wp\/v2\/users\/2"}],"replies":[{"embeddable":true,"href":"https:\/\/dgospel.com.br\/portal\/index.php\/wp-json\/wp\/v2\/comments?post=14342"}],"version-history":[{"count":1,"href":"https:\/\/dgospel.com.br\/portal\/index.php\/wp-json\/wp\/v2\/posts\/14342\/revisions"}],"predecessor-version":[{"id":14343,"href":"https:\/\/dgospel.com.br\/portal\/index.php\/wp-json\/wp\/v2\/posts\/14342\/revisions\/14343"}],"wp:featuredmedia":[{"embeddable":true,"href":"https:\/\/dgospel.com.br\/portal\/index.php\/wp-json\/wp\/v2\/media\/14336"}],"wp:attachment":[{"href":"https:\/\/dgospel.com.br\/portal\/index.php\/wp-json\/wp\/v2\/media?parent=14342"}],"wp:term":[{"taxonomy":"category","embeddable":true,"href":"https:\/\/dgospel.com.br\/portal\/index.php\/wp-json\/wp\/v2\/categories?post=14342"},{"taxonomy":"post_tag","embeddable":true,"href":"https:\/\/dgospel.com.br\/portal\/index.php\/wp-json\/wp\/v2\/tags?post=14342"}],"curies":[{"name":"wp","href":"https:\/\/api.w.org\/{rel}","templated":true}]}}