{"id":14344,"date":"2023-01-19T11:15:15","date_gmt":"2023-01-19T14:15:15","guid":{"rendered":"http:\/\/dgospel.com.br\/portal\/?p=14344"},"modified":"2023-01-19T11:15:15","modified_gmt":"2023-01-19T14:15:15","slug":"ex-gsi-general-sobe-o-tom-com-lula-e-fala-em-covardia","status":"publish","type":"post","link":"https:\/\/dgospel.com.br\/portal\/index.php\/2023\/01\/19\/ex-gsi-general-sobe-o-tom-com-lula-e-fala-em-covardia\/","title":{"rendered":"Ex-GSI, general sobe o tom com Lula e fala em \u2018covardia\u2019"},"content":{"rendered":"\n<p>O general S\u00e9rgio Etchegoyen, ministro do Gabinete de Seguran\u00e7a Institucional (GSI) durante o governo Temer, subiu o tom com o presidente Lula, durante uma entrevista realizada na ter\u00e7a-feira 17, pelo programa ga\u00facho&nbsp;<em>Pampa Debates.<\/em><\/p>\n\n\n\n<p>Para Etchegoyen, a declara\u00e7\u00e3o do petista, segundo a qual \u201cperdeu a confian\u00e7a\u201d em parte das For\u00e7as Armadas, demonstra \u201cprofunda covardia\u201d.<\/p>\n\n\n\n<p>Segundo Etchegoyen, Lula sabe que os generais n\u00e3o v\u00e3o convocar a imprensa para responder \u00e0 ofensa. \u201cEle sabe que ningu\u00e9m vai contestar o que ele est\u00e1 dizendo\u201d, observou o militar. \u201cOu seja, \u00e9 a velha t\u00e9cnica de procurar culpados.\u201d<\/p>\n\n\n\n<p>\u201cPassado o triste epis\u00f3dio do dia 8 de janeiro, o presidente Lula, comandante supremo das For\u00e7as Armadas, d\u00e1 uma declara\u00e7\u00e3o \u00e0 imprensa de que n\u00e3o confia nas For\u00e7as Armadas\u201d, lembrou o general Etchegoyen. \u201cComo \u00e9 que se pacifica o pa\u00eds a partir da\u00ed? Como \u00e9 que se pacificam as For\u00e7as Armadas, que s\u00e3o uma institui\u00e7\u00e3o de Estado com a qual os governos do PT conviveram por 16 anos?\u201d<\/p>\n\n\n\n<p>O general Etchegoyen chefiou o GSI entre 2016 e 2019. O \u00f3rg\u00e3o \u00e9 respons\u00e1vel direto pela seguran\u00e7a do presidente. Lula escolheu permanecer com a seguran\u00e7a da Pol\u00edcia Federal,&nbsp;por desconfian\u00e7a com os militares lotados no GSI.<\/p>\n","protected":false},"excerpt":{"rendered":"<p>O general S\u00e9rgio Etchegoyen, ministro do Gabinete de Seguran\u00e7a Institucional (GSI) durante o governo Temer, subiu o tom com o presidente Lula, durante uma entrevista realizada na ter\u00e7a-feira 17, pelo programa ga\u00facho&nbsp;Pampa Debates. Para Etchegoyen, a declara\u00e7\u00e3o do petista, segundo a qual \u201cperdeu a confian\u00e7a\u201d em parte das For\u00e7as Armadas, demonstra \u201cprofunda covardia\u201d. Segundo Etchegoyen, [&hellip;]<\/p>\n","protected":false},"author":2,"featured_media":14345,"comment_status":"open","ping_status":"open","sticky":false,"template":"","format":"standard","meta":[],"categories":[4],"tags":[13],"_links":{"self":[{"href":"https:\/\/dgospel.com.br\/portal\/index.php\/wp-json\/wp\/v2\/posts\/14344"}],"collection":[{"href":"https:\/\/dgospel.com.br\/portal\/index.php\/wp-json\/wp\/v2\/posts"}],"about":[{"href":"https:\/\/dgospel.com.br\/portal\/index.php\/wp-json\/wp\/v2\/types\/post"}],"author":[{"embeddable":true,"href":"https:\/\/dgospel.com.br\/portal\/index.php\/wp-json\/wp\/v2\/users\/2"}],"replies":[{"embeddable":true,"href":"https:\/\/dgospel.com.br\/portal\/index.php\/wp-json\/wp\/v2\/comments?post=14344"}],"version-history":[{"count":1,"href":"https:\/\/dgospel.com.br\/portal\/index.php\/wp-json\/wp\/v2\/posts\/14344\/revisions"}],"predecessor-version":[{"id":14346,"href":"https:\/\/dgospel.com.br\/portal\/index.php\/wp-json\/wp\/v2\/posts\/14344\/revisions\/14346"}],"wp:featuredmedia":[{"embeddable":true,"href":"https:\/\/dgospel.com.br\/portal\/index.php\/wp-json\/wp\/v2\/media\/14345"}],"wp:attachment":[{"href":"https:\/\/dgospel.com.br\/portal\/index.php\/wp-json\/wp\/v2\/media?parent=14344"}],"wp:term":[{"taxonomy":"category","embeddable":true,"href":"https:\/\/dgospel.com.br\/portal\/index.php\/wp-json\/wp\/v2\/categories?post=14344"},{"taxonomy":"post_tag","embeddable":true,"href":"https:\/\/dgospel.com.br\/portal\/index.php\/wp-json\/wp\/v2\/tags?post=14344"}],"curies":[{"name":"wp","href":"https:\/\/api.w.org\/{rel}","templated":true}]}}