{"id":14350,"date":"2023-01-19T11:20:32","date_gmt":"2023-01-19T14:20:32","guid":{"rendered":"http:\/\/dgospel.com.br\/portal\/?p=14350"},"modified":"2023-01-19T11:20:32","modified_gmt":"2023-01-19T14:20:32","slug":"governo-ja-gastou-mais-de-r-216-mil-com-hospedagem-para-lula-e-janja-em-brasilia","status":"publish","type":"post","link":"https:\/\/dgospel.com.br\/portal\/index.php\/2023\/01\/19\/governo-ja-gastou-mais-de-r-216-mil-com-hospedagem-para-lula-e-janja-em-brasilia\/","title":{"rendered":"Governo j\u00e1 gastou mais de R$ 216 mil com hospedagem para Lula e Janja, em Bras\u00edlia"},"content":{"rendered":"\n<p>Desde antes de sua posse, Lula (PT) e Janja est\u00e3o hospedados no Hotel Meli\u00e1, na regi\u00e3o central de Bras\u00edlia. Os custos da hospedagem desde o dia 1\u00ba de janeiro j\u00e1 ultrapassam R$ 216 mil. Os valores foram publicados no Di\u00e1rio Oficial da Uni\u00e3o. As di\u00e1rias da hospedagem variam entre R$ 765 e R$ 7.690.<\/p>\n\n\n\n<p>De acordo com a Secretaria de Comunica\u00e7\u00e3o Especial da Presid\u00eancia da Rep\u00fablica, o casal deixar\u00e1 o hotel no pr\u00f3ximo dia 2 de fevereiro, data prevista para conclus\u00e3o da reforma do Pal\u00e1cio da Alvorada.<\/p>\n\n\n\n<p>Segundo informa\u00e7\u00e3o publicada pelo grupo Folha, o novo governo postergou a mudan\u00e7a para que a Pol\u00edcia Federal e o Gabinete de Seguran\u00e7a Institucional (GSI) fizessem uma varredura no local por temer que Bolsonaro tivesse deixado algum tipo de escuta no local.<\/p>\n","protected":false},"excerpt":{"rendered":"<p>Desde antes de sua posse, Lula (PT) e Janja est\u00e3o hospedados no Hotel Meli\u00e1, na regi\u00e3o central de Bras\u00edlia. Os custos da hospedagem desde o dia 1\u00ba de janeiro j\u00e1 ultrapassam R$ 216 mil. Os valores foram publicados no Di\u00e1rio Oficial da Uni\u00e3o. As di\u00e1rias da hospedagem variam entre R$ 765 e R$ 7.690. De [&hellip;]<\/p>\n","protected":false},"author":2,"featured_media":14351,"comment_status":"open","ping_status":"open","sticky":false,"template":"","format":"standard","meta":[],"categories":[4],"tags":[],"_links":{"self":[{"href":"https:\/\/dgospel.com.br\/portal\/index.php\/wp-json\/wp\/v2\/posts\/14350"}],"collection":[{"href":"https:\/\/dgospel.com.br\/portal\/index.php\/wp-json\/wp\/v2\/posts"}],"about":[{"href":"https:\/\/dgospel.com.br\/portal\/index.php\/wp-json\/wp\/v2\/types\/post"}],"author":[{"embeddable":true,"href":"https:\/\/dgospel.com.br\/portal\/index.php\/wp-json\/wp\/v2\/users\/2"}],"replies":[{"embeddable":true,"href":"https:\/\/dgospel.com.br\/portal\/index.php\/wp-json\/wp\/v2\/comments?post=14350"}],"version-history":[{"count":1,"href":"https:\/\/dgospel.com.br\/portal\/index.php\/wp-json\/wp\/v2\/posts\/14350\/revisions"}],"predecessor-version":[{"id":14352,"href":"https:\/\/dgospel.com.br\/portal\/index.php\/wp-json\/wp\/v2\/posts\/14350\/revisions\/14352"}],"wp:featuredmedia":[{"embeddable":true,"href":"https:\/\/dgospel.com.br\/portal\/index.php\/wp-json\/wp\/v2\/media\/14351"}],"wp:attachment":[{"href":"https:\/\/dgospel.com.br\/portal\/index.php\/wp-json\/wp\/v2\/media?parent=14350"}],"wp:term":[{"taxonomy":"category","embeddable":true,"href":"https:\/\/dgospel.com.br\/portal\/index.php\/wp-json\/wp\/v2\/categories?post=14350"},{"taxonomy":"post_tag","embeddable":true,"href":"https:\/\/dgospel.com.br\/portal\/index.php\/wp-json\/wp\/v2\/tags?post=14350"}],"curies":[{"name":"wp","href":"https:\/\/api.w.org\/{rel}","templated":true}]}}