{"id":14358,"date":"2023-01-20T11:43:49","date_gmt":"2023-01-20T14:43:49","guid":{"rendered":"http:\/\/dgospel.com.br\/portal\/?p=14358"},"modified":"2023-01-20T11:55:19","modified_gmt":"2023-01-20T14:55:19","slug":"onu-desmente-fala-descabida-de-marina-sobre-fome-no-brasil","status":"publish","type":"post","link":"https:\/\/dgospel.com.br\/portal\/index.php\/2023\/01\/20\/onu-desmente-fala-descabida-de-marina-sobre-fome-no-brasil\/","title":{"rendered":"VERGONHA: ONU desmente Marina Silva sobre fome no Brasil"},"content":{"rendered":"\n<p>Um documento da Organiza\u00e7\u00e3o das Na\u00e7\u00f5es Unidas para a Alimenta\u00e7\u00e3o e a Agricultura (FAO) contradiz a fala da ministra do Meio Ambiente, Marina Silva, que afirmou, no F\u00f3rum Econ\u00f4mico Mundial, em Davos:&nbsp;<em>\u201cO mundo \u00e9 desigual. No meu pa\u00eds, tem 120 milh\u00f5es de pessoas que est\u00e3o passando fome. N\u00f3s t\u00ednhamos sa\u00eddo do Mapa da Fome, mas, agora, temos 33 milh\u00f5es de pessoas que est\u00e3o vivendo com menos de US$ 1 por dia\u201d<\/em>.<\/p>\n\n\n\n<p>O Panorama da Seguran\u00e7a Alimentar e Nutricional 2022 informa: o Brasil tem 4,1% da popula\u00e7\u00e3o subalimentada, equivalente a quase 9 milh\u00f5es de pessoas. O relat\u00f3rio anual foi divulgado na quarta-feira, 18.<\/p>\n\n\n\n<p>Segundo o relat\u00f3rio da FAO, a Venezuela \u00e9 a que mais tem pessoas passando fome na Am\u00e9rica do Sul. A pesquisa deu conta de pouco mais de 20% da popula\u00e7\u00e3o daquele pa\u00eds.<\/p>\n\n\n\n<p>Entre outros motivos, a FAO responsabiliza o conflito entre Ucr\u00e2nia e R\u00fassia pelo aumento dos pre\u00e7os dos alimentos no mundo, al\u00e9m da pandemia de Covid-19.<\/p>\n\n\n\n<p>Os n\u00fameros divulgados pela FAO tamb\u00e9m p\u00f5em em xeque uma pesquisa da Rede Brasileira de Pesquisa em Soberania e Seguran\u00e7a Alimentar, segundo a qual o Brasil tem 33 milh\u00f5es de brasileiros passando fome.<\/p>\n\n\n\n<p>Para o enfrentamento da fome no Brasil e em outros pa\u00edses, a ONU sugere pol\u00edticas de mercado que possam facilitar e baratear a produ\u00e7\u00e3o e venda de alimentos, a fim de melhorar a seguran\u00e7a alimentar de mais fam\u00edlias.<\/p>\n\n\n\n<p><em>\u201cAs pol\u00edticas comerciais e de mercado podem desempenhar um papel fundamental na melhoria da seguran\u00e7a alimentar e nutricional, j\u00e1 que mediante uma maior transpar\u00eancia e efici\u00eancia se reduz a incerteza e se melhora a previsibilidade e estabilidade do com\u00e9rcio agroalimentar inter-regional\u201d<\/em>, observa a ONU.<\/p>\n\n\n<div class=\"wp-block-image\">\n<figure class=\"aligncenter\"><img src=\"https:\/\/horabrasilia.com.br\/wp-content\/uploads\/2023\/01\/dados-onu-fome-300x183.webp\" alt=\"\" class=\"wp-image-38425\"\/><\/figure><\/div>","protected":false},"excerpt":{"rendered":"<p>Um documento da Organiza\u00e7\u00e3o das Na\u00e7\u00f5es Unidas para a Alimenta\u00e7\u00e3o e a Agricultura (FAO) contradiz a fala da ministra do Meio Ambiente, Marina Silva, que afirmou, no F\u00f3rum Econ\u00f4mico Mundial, em Davos:&nbsp;\u201cO mundo \u00e9 desigual. No meu pa\u00eds, tem 120 milh\u00f5es de pessoas que est\u00e3o passando fome. N\u00f3s t\u00ednhamos sa\u00eddo do Mapa da Fome, mas, [&hellip;]<\/p>\n","protected":false},"author":2,"featured_media":14359,"comment_status":"open","ping_status":"open","sticky":false,"template":"","format":"standard","meta":[],"categories":[4],"tags":[],"_links":{"self":[{"href":"https:\/\/dgospel.com.br\/portal\/index.php\/wp-json\/wp\/v2\/posts\/14358"}],"collection":[{"href":"https:\/\/dgospel.com.br\/portal\/index.php\/wp-json\/wp\/v2\/posts"}],"about":[{"href":"https:\/\/dgospel.com.br\/portal\/index.php\/wp-json\/wp\/v2\/types\/post"}],"author":[{"embeddable":true,"href":"https:\/\/dgospel.com.br\/portal\/index.php\/wp-json\/wp\/v2\/users\/2"}],"replies":[{"embeddable":true,"href":"https:\/\/dgospel.com.br\/portal\/index.php\/wp-json\/wp\/v2\/comments?post=14358"}],"version-history":[{"count":2,"href":"https:\/\/dgospel.com.br\/portal\/index.php\/wp-json\/wp\/v2\/posts\/14358\/revisions"}],"predecessor-version":[{"id":14368,"href":"https:\/\/dgospel.com.br\/portal\/index.php\/wp-json\/wp\/v2\/posts\/14358\/revisions\/14368"}],"wp:featuredmedia":[{"embeddable":true,"href":"https:\/\/dgospel.com.br\/portal\/index.php\/wp-json\/wp\/v2\/media\/14359"}],"wp:attachment":[{"href":"https:\/\/dgospel.com.br\/portal\/index.php\/wp-json\/wp\/v2\/media?parent=14358"}],"wp:term":[{"taxonomy":"category","embeddable":true,"href":"https:\/\/dgospel.com.br\/portal\/index.php\/wp-json\/wp\/v2\/categories?post=14358"},{"taxonomy":"post_tag","embeddable":true,"href":"https:\/\/dgospel.com.br\/portal\/index.php\/wp-json\/wp\/v2\/tags?post=14358"}],"curies":[{"name":"wp","href":"https:\/\/api.w.org\/{rel}","templated":true}]}}