{"id":14361,"date":"2023-01-20T11:48:36","date_gmt":"2023-01-20T14:48:36","guid":{"rendered":"http:\/\/dgospel.com.br\/portal\/?p=14361"},"modified":"2023-01-20T11:48:37","modified_gmt":"2023-01-20T14:48:37","slug":"soraya-rebate-lula-por-se-opor-a-cpi-para-investigar-protestos","status":"publish","type":"post","link":"https:\/\/dgospel.com.br\/portal\/index.php\/2023\/01\/20\/soraya-rebate-lula-por-se-opor-a-cpi-para-investigar-protestos\/","title":{"rendered":"Soraya rebate Lula por se opor a CPI para investigar protestos"},"content":{"rendered":"\n<p>Nesta quinta-feira (19), a senadora Soraya Thronicke (Uni\u00e3o Brasil-MS) rebateu uma declara\u00e7\u00e3o feita pelo presidente Luiz In\u00e1cio Lula da Silva&nbsp;<a href=\"https:\/\/pleno.news\/brasil\/politica-nacional\/lula-e-contra-cpi-para-investigar-manifestacoes-em-brasilia.html\">contra a instala\u00e7\u00e3o de uma Comiss\u00e3o Parlamentar de Inqu\u00e9rito (CPI)<\/a>&nbsp;para investigar manifesta\u00e7\u00f5es em Bras\u00edlia. A parlamentar \u00e9 autora do requerimento para criar a comiss\u00e3o no Senado e j\u00e1 tem o m\u00ednimo necess\u00e1rio de assinaturas.<\/p>\n\n\n\n<p>Lula abordou o assunto nesta quarta (18), durante entrevista \u00e0 GloboNews. Na ocasi\u00e3o, o presidente disse ser contra a CPI por considerar que ela poderia criar uma \u201cconfus\u00e3o tremenda\u201d durante a apura\u00e7\u00e3o dos protestos ocorridos no dia 8 de janeiro.<\/p>\n\n\n\n<p>\u2013 N\u00f3s temos instrumentos para fiscalizar o que aconteceu neste pa\u00eds. Uma comiss\u00e3o de inqu\u00e9rito pode n\u00e3o ajudar e ela pode criar uma confus\u00e3o tremenda, sabe? N\u00f3s n\u00e3o precisamos disso agora \u2013 pontuou o petista.<\/p>\n\n\n\n<p>Ao comentar a fala de Lula, Soraya disse que o Senado pretende atuar de forma imparcial e afirmou que n\u00e3o pretende ceder a nenhum tipo de press\u00e3o.<\/p>\n\n\n\n<p>\u2013 Se Lula est\u00e1 contra a CPI dos atos antidemocr\u00e1ticos, os bolsonaristas est\u00e3o a favor! \u00c9 xadrez 4D que chama? A democracia \u00e9 sagrada e devemos levar a s\u00e9rio a nossa responsabilidade em apurar a gravidade do ocorrido. Nenhum poder tem o direito de se furtar da sua obriga\u00e7\u00e3o e conosco n\u00e3o seria diferente. Atuaremos de forma s\u00e9ria, imparcial, n\u00e3o cederemos a press\u00e3o pol\u00edtica ou das redes \u2013 destacou.<\/p>\n\n\n\n<figure class=\"wp-block-image\"><img src=\"https:\/\/static.cdn.pleno.news\/2023\/01\/Soray.png\" alt=\"\" class=\"wp-image-1076558\"\/><\/figure>\n","protected":false},"excerpt":{"rendered":"<p>Nesta quinta-feira (19), a senadora Soraya Thronicke (Uni\u00e3o Brasil-MS) rebateu uma declara\u00e7\u00e3o feita pelo presidente Luiz In\u00e1cio Lula da Silva&nbsp;contra a instala\u00e7\u00e3o de uma Comiss\u00e3o Parlamentar de Inqu\u00e9rito (CPI)&nbsp;para investigar manifesta\u00e7\u00f5es em Bras\u00edlia. A parlamentar \u00e9 autora do requerimento para criar a comiss\u00e3o no Senado e j\u00e1 tem o m\u00ednimo necess\u00e1rio de assinaturas. Lula abordou [&hellip;]<\/p>\n","protected":false},"author":2,"featured_media":14362,"comment_status":"open","ping_status":"open","sticky":false,"template":"","format":"standard","meta":[],"categories":[8],"tags":[],"_links":{"self":[{"href":"https:\/\/dgospel.com.br\/portal\/index.php\/wp-json\/wp\/v2\/posts\/14361"}],"collection":[{"href":"https:\/\/dgospel.com.br\/portal\/index.php\/wp-json\/wp\/v2\/posts"}],"about":[{"href":"https:\/\/dgospel.com.br\/portal\/index.php\/wp-json\/wp\/v2\/types\/post"}],"author":[{"embeddable":true,"href":"https:\/\/dgospel.com.br\/portal\/index.php\/wp-json\/wp\/v2\/users\/2"}],"replies":[{"embeddable":true,"href":"https:\/\/dgospel.com.br\/portal\/index.php\/wp-json\/wp\/v2\/comments?post=14361"}],"version-history":[{"count":1,"href":"https:\/\/dgospel.com.br\/portal\/index.php\/wp-json\/wp\/v2\/posts\/14361\/revisions"}],"predecessor-version":[{"id":14363,"href":"https:\/\/dgospel.com.br\/portal\/index.php\/wp-json\/wp\/v2\/posts\/14361\/revisions\/14363"}],"wp:featuredmedia":[{"embeddable":true,"href":"https:\/\/dgospel.com.br\/portal\/index.php\/wp-json\/wp\/v2\/media\/14362"}],"wp:attachment":[{"href":"https:\/\/dgospel.com.br\/portal\/index.php\/wp-json\/wp\/v2\/media?parent=14361"}],"wp:term":[{"taxonomy":"category","embeddable":true,"href":"https:\/\/dgospel.com.br\/portal\/index.php\/wp-json\/wp\/v2\/categories?post=14361"},{"taxonomy":"post_tag","embeddable":true,"href":"https:\/\/dgospel.com.br\/portal\/index.php\/wp-json\/wp\/v2\/tags?post=14361"}],"curies":[{"name":"wp","href":"https:\/\/api.w.org\/{rel}","templated":true}]}}